{"id":5460,"date":"2018-02-10T12:00:35","date_gmt":"2018-02-10T11:00:35","guid":{"rendered":"https:\/\/flagprint.ch\/nouvelles\/led-leuchtkasten-adventskalender-fuer-welle7\/"},"modified":"2019-03-19T10:09:51","modified_gmt":"2019-03-19T09:09:51","slug":"calendrier-de-lavent-avec-caissons-lumineux-a-led-pour-le-welle-7","status":"publish","type":"post","link":"https:\/\/flagprint.ch\/fr\/references\/calendrier-de-lavent-avec-caissons-lumineux-a-led-pour-le-welle-7\/","title":{"rendered":"Calendrier de l\u2019Avent avec caissons lumineux \u00e0 LED pour le Welle 7"},"content":{"rendered":"\t\t<div data-elementor-type=\"wp-post\" data-elementor-id=\"5460\" class=\"elementor elementor-5460 elementor-1984\" data-elementor-post-type=\"post\">\n\t\t\t\t\t\t<section class=\"elementor-section elementor-top-section elementor-element elementor-element-5999a96 elementor-section-full_width elementor-section-height-default elementor-section-height-default\" data-id=\"5999a96\" data-element_type=\"section\" data-e-type=\"section\">\n\t\t\t\t\t\t<div class=\"elementor-container elementor-column-gap-no\">\n\t\t\t\t\t<div class=\"elementor-column elementor-col-50 elementor-top-column elementor-element elementor-element-5d7246b fp-single-left\" data-id=\"5d7246b\" data-element_type=\"column\" data-e-type=\"column\">\n\t\t\t<div class=\"elementor-widget-wrap elementor-element-populated\">\n\t\t\t\t\t\t<div class=\"elementor-element elementor-element-605e259 elementor-widget elementor-widget-image\" data-id=\"605e259\" data-element_type=\"widget\" data-e-type=\"widget\" data-widget_type=\"image.default\">\n\t\t\t\t<div class=\"elementor-widget-container\">\n\t\t\t\t\t\t\t\t\t\t\t\t\t\t\t<img fetchpriority=\"high\" decoding=\"async\" width=\"800\" height=\"600\" src=\"https:\/\/flagprint.ch\/wp-content\/uploads\/2019\/02\/referenzen-welle7-adventskalender-LED-leuchtkasten-indoor-1200x900.jpg\" class=\"attachment-large size-large wp-image-5142\" alt=\"\" srcset=\"https:\/\/flagprint.ch\/wp-content\/uploads\/2019\/02\/referenzen-welle7-adventskalender-LED-leuchtkasten-indoor-1200x900.jpg 1200w, https:\/\/flagprint.ch\/wp-content\/uploads\/2019\/02\/referenzen-welle7-adventskalender-LED-leuchtkasten-indoor-800x600.jpg 800w, https:\/\/flagprint.ch\/wp-content\/uploads\/2019\/02\/referenzen-welle7-adventskalender-LED-leuchtkasten-indoor-768x576.jpg 768w, https:\/\/flagprint.ch\/wp-content\/uploads\/2019\/02\/referenzen-welle7-adventskalender-LED-leuchtkasten-indoor.jpg 1600w\" sizes=\"(max-width: 800px) 100vw, 800px\">\t\t\t\t\t\t\t\t\t\t\t\t\t\t\t<\/div>\n\t\t\t\t<\/div>\n\t\t\t\t<div class=\"elementor-element elementor-element-1e24d31 elementor-widget elementor-widget-image-gallery\" data-id=\"1e24d31\" data-element_type=\"widget\" data-e-type=\"widget\" data-widget_type=\"image-gallery.default\">\n\t\t\t\t<div class=\"elementor-widget-container\">\n\t\t\t\t\t\t\t<div class=\"elementor-image-gallery\">\n\t\t\t<div id='gallery-1' class='gallery galleryid-5460 gallery-columns-3 gallery-size-full'><figure class='gallery-item'>\n\t\t\t<div class='gallery-icon landscape'>\n\t\t\t\t<a  href='https:\/\/flagprint.ch\/wp-content\/uploads\/2019\/03\/referenzen-welle7-adventskalender-LED-leuchtkasten-indoor.jpg' title=\"Inscriptions lumineuses\" data-rl_title=\"Inscriptions lumineuses\" class=\"rl-gallery-link\" data-rl_caption=\"Inscriptions lumineuses comme un calendrier de l&#039;Avent, gare de Berne.\" data-rel=\"fp-lightbox-gallery-1\"><img width=\"1600\" height=\"1200\" src=\"https:\/\/flagprint.ch\/wp-content\/uploads\/2019\/03\/referenzen-welle7-adventskalender-LED-leuchtkasten-indoor.jpg\" class=\"attachment-full size-full\" alt=\"Inscriptions lumineuses. La banni\u00e8re en tissu imprim\u00e9, en mat\u00e9riau pour le r\u00e9tro\u00e9clairage est tendue dans un cadre en aluminium avec LED au moyen d\u2019une l\u00e8vre en caoutchouc.\" aria-describedby=\"gallery-1-6948\" decoding=\"async\" srcset=\"https:\/\/flagprint.ch\/wp-content\/uploads\/2019\/03\/referenzen-welle7-adventskalender-LED-leuchtkasten-indoor.jpg 1600w, https:\/\/flagprint.ch\/wp-content\/uploads\/2019\/03\/referenzen-welle7-adventskalender-LED-leuchtkasten-indoor-400x300.jpg 400w, https:\/\/flagprint.ch\/wp-content\/uploads\/2019\/03\/referenzen-welle7-adventskalender-LED-leuchtkasten-indoor-800x600.jpg 800w, https:\/\/flagprint.ch\/wp-content\/uploads\/2019\/03\/referenzen-welle7-adventskalender-LED-leuchtkasten-indoor-768x576.jpg 768w, https:\/\/flagprint.ch\/wp-content\/uploads\/2019\/03\/referenzen-welle7-adventskalender-LED-leuchtkasten-indoor-1200x900.jpg 1200w\" sizes=\"(max-width: 1600px) 100vw, 1600px\" \/><\/a>\n\t\t\t<\/div>\n\t\t\t\t<figcaption class='wp-caption-text gallery-caption' id='gallery-1-6948'>\n\t\t\t\tInscriptions lumineuses\n\t\t\t\t<\/figcaption><\/figure><figure class='gallery-item'>\n\t\t\t<div class='gallery-icon landscape'>\n\t\t\t\t<a  href='https:\/\/flagprint.ch\/wp-content\/uploads\/2019\/02\/referenzen-welle7-adventskalender-LED-leuchtkasten.jpg' title=\"caissons lumineux \u00e0 LED\" data-rl_title=\"caissons lumineux \u00e0 LED\" class=\"rl-gallery-link\" data-rl_caption=\"Les caissons lumineux \u00e0 LED de 160 x 160 cm de c\u00f4t\u00e9 et de 50 mm de profondeur.\" data-rel=\"fp-lightbox-gallery-1\"><img width=\"1600\" height=\"1200\" src=\"https:\/\/flagprint.ch\/wp-content\/uploads\/2019\/02\/referenzen-welle7-adventskalender-LED-leuchtkasten.jpg\" class=\"attachment-full size-full\" alt=\"Inscriptions lumineuses. La banni\u00e8re en tissu imprim\u00e9, en mat\u00e9riau pour le r\u00e9tro\u00e9clairage est tendue dans un cadre en aluminium avec LED au moyen d\u2019une l\u00e8vre en caoutchouc.\" aria-describedby=\"gallery-1-5144\" decoding=\"async\" srcset=\"https:\/\/flagprint.ch\/wp-content\/uploads\/2019\/02\/referenzen-welle7-adventskalender-LED-leuchtkasten.jpg 1600w, https:\/\/flagprint.ch\/wp-content\/uploads\/2019\/02\/referenzen-welle7-adventskalender-LED-leuchtkasten-800x600.jpg 800w, https:\/\/flagprint.ch\/wp-content\/uploads\/2019\/02\/referenzen-welle7-adventskalender-LED-leuchtkasten-768x576.jpg 768w, https:\/\/flagprint.ch\/wp-content\/uploads\/2019\/02\/referenzen-welle7-adventskalender-LED-leuchtkasten-1200x900.jpg 1200w\" sizes=\"(max-width: 1600px) 100vw, 1600px\" \/><\/a>\n\t\t\t<\/div>\n\t\t\t\t<figcaption class='wp-caption-text gallery-caption' id='gallery-1-5144'>\n\t\t\t\tcaissons lumineux \u00e0 LED\n\t\t\t\t<\/figcaption><\/figure>\n\t\t<\/div>\n\t\t<\/div>\n\t\t\t\t\t\t<\/div>\n\t\t\t\t<\/div>\n\t\t\t\t\t<\/div>\n\t\t<\/div>\n\t\t\t\t<div class=\"elementor-column elementor-col-50 elementor-top-column elementor-element elementor-element-72634f8 fp-single-right\" data-id=\"72634f8\" data-element_type=\"column\" data-e-type=\"column\">\n\t\t\t<div class=\"elementor-widget-wrap elementor-element-populated\">\n\t\t\t\t\t\t<div class=\"elementor-element elementor-element-fd40ea7 elementor-widget elementor-widget-theme-post-title elementor-page-title elementor-widget-heading\" data-id=\"fd40ea7\" data-element_type=\"widget\" data-e-type=\"widget\" data-widget_type=\"theme-post-title.default\">\n\t\t\t\t<div class=\"elementor-widget-container\">\n\t\t\t\t\t<h1 class=\"elementor-heading-title elementor-size-default\">Calendrier de l\u2019Avent avec caissons lumineux \u00e0 LED pour le Welle 7<\/h1>\t\t\t\t<\/div>\n\t\t\t\t<\/div>\n\t\t\t\t<div class=\"elementor-element elementor-element-e18f6c0 elementor-align-left elementor-widget elementor-widget-post-info\" data-id=\"e18f6c0\" data-element_type=\"widget\" data-e-type=\"widget\" data-widget_type=\"post-info.default\">\n\t\t\t\t<div class=\"elementor-widget-container\">\n\t\t\t\t\t\t\t<ul class=\"elementor-inline-items elementor-icon-list-items elementor-post-info\">\n\t\t\t\t\t\t\t\t<li class=\"elementor-icon-list-item elementor-repeater-item-effca5d elementor-inline-item\">\n\t\t\t\t\t\t\t\t\t\t\t\t\t<span class=\"elementor-icon-list-text elementor-post-info__item elementor-post-info__item--type-custom\">\n\t\t\t\t\t\t\t\t\t\t10 f\u00e9vrier 2018\t\t\t\t\t<\/span>\n\t\t\t\t\t\t\t\t<\/li>\n\t\t\t\t<li class=\"elementor-icon-list-item elementor-repeater-item-1c5cd4b elementor-inline-item\">\n\t\t\t\t\t\t\t\t\t\t\t\t\t<span class=\"elementor-icon-list-text elementor-post-info__item elementor-post-info__item--type-time\">\n\t\t\t\t\t\t\t<span class=\"elementor-post-info__item-prefix\">|<\/span>\n\t\t\t\t\t\t\t\t\t\t<time>12:00<\/time>\t\t\t\t\t<\/span>\n\t\t\t\t\t\t\t\t<\/li>\n\t\t\t\t<\/ul>\n\t\t\t\t\t\t<\/div>\n\t\t\t\t<\/div>\n\t\t\t\t<div class=\"elementor-element elementor-element-870da92 elementor-widget elementor-widget-text-editor\" data-id=\"870da92\" data-element_type=\"widget\" data-e-type=\"widget\" data-widget_type=\"text-editor.default\">\n\t\t\t\t<div class=\"elementor-widget-container\">\n\t\t\t\t\t\t\t\t\t<p>En novembre 2017, il a spontan\u00e9ment \u00e9t\u00e9 d\u00e9cid\u00e9 de transformer le Welle 7 en un gigantesque calendrier de l\u2019Avent. On a donc ponctuellement install\u00e9 des caissons lumineux \u00e0 LED de 160\u00a0x\u00a0160\u00a0cm de c\u00f4t\u00e9 et de 50\u00a0mm de profondeur sur toute la fa\u00e7ade ouest du PostParc. On en a ensuite allum\u00e9 un nouveau chaque jour de l\u2019Avent. Ce concept original de l\u2019agence Republica a rencontr\u00e9 un \u00e9norme succ\u00e8s et attir\u00e9 tous les regards parmi les passants. Mais pour ceux qui l\u2019ont manqu\u00e9, en voici quelques photos.<\/p><p>Nous vous <a href=\"\/fr\/entreprise\/contact\/\">conseillerons<\/a> volontiers de mani\u00e8re d\u00e9taill\u00e9e et personnalis\u00e9e.<\/p>\t\t\t\t\t\t\t\t<\/div>\n\t\t\t\t<\/div>\n\t\t\t\t<div class=\"elementor-element elementor-element-c4b056d elementor-widget elementor-widget-button\" data-id=\"c4b056d\" data-element_type=\"widget\" data-e-type=\"widget\" data-widget_type=\"button.default\">\n\t\t\t\t<div class=\"elementor-widget-container\">\n\t\t\t\t\t\t\t\t\t<div class=\"elementor-button-wrapper\">\n\t\t\t\t\t<a class=\"elementor-button elementor-button-link elementor-size-sm\" href=\"\/fr\/produkte\/inscriptions-lumineuses\/\">\n\t\t\t\t\t\t<span class=\"elementor-button-content-wrapper\">\n\t\t\t\t\t\t\t\t\t<span class=\"elementor-button-text\">Vers le produit<\/span>\n\t\t\t\t\t<\/span>\n\t\t\t\t\t<\/a>\n\t\t\t\t<\/div>\n\t\t\t\t\t\t\t\t<\/div>\n\t\t\t\t<\/div>\n\t\t\t\t\t<\/div>\n\t\t<\/div>\n\t\t\t\t\t<\/div>\n\t\t<\/section>\n\t\t\t\t<\/div>\n\t\t","protected":false},"excerpt":{"rendered":"<p>Pour la p\u00e9riode de No\u00ebl, le Welle 7 s\u2019est transform\u00e9 en un gigantesque calendrier de l\u2019Avent. Des caissons lumineux \u00e0 LED ont \u00e9t\u00e9 r\u00e9partis et \u00e9clair\u00e9s sur toute la fa\u00e7ade de fen\u00eatres<\/p>\n","protected":false},"author":6,"featured_media":3672,"comment_status":"open","ping_status":"open","sticky":false,"template":"","format":"standard","meta":{"footnotes":""},"categories":[1219,2481,2486,2491],"tags":[96],"class_list":["post-5460","post","type-post","status-publish","format-standard","has-post-thumbnail","hentry","category-references","category-tout-fr","category-systemes-daffichage","category-point-de-vente","tag-lightframe"],"_links":{"self":[{"href":"https:\/\/flagprint.ch\/fr\/wp-json\/wp\/v2\/posts\/5460","targetHints":{"allow":["GET"]}}],"collection":[{"href":"https:\/\/flagprint.ch\/fr\/wp-json\/wp\/v2\/posts"}],"about":[{"href":"https:\/\/flagprint.ch\/fr\/wp-json\/wp\/v2\/types\/post"}],"author":[{"embeddable":true,"href":"https:\/\/flagprint.ch\/fr\/wp-json\/wp\/v2\/users\/6"}],"replies":[{"embeddable":true,"href":"https:\/\/flagprint.ch\/fr\/wp-json\/wp\/v2\/comments?post=5460"}],"version-history":[{"count":0,"href":"https:\/\/flagprint.ch\/fr\/wp-json\/wp\/v2\/posts\/5460\/revisions"}],"wp:featuredmedia":[{"embeddable":true,"href":"https:\/\/flagprint.ch\/fr\/wp-json\/wp\/v2\/media\/3672"}],"wp:attachment":[{"href":"https:\/\/flagprint.ch\/fr\/wp-json\/wp\/v2\/media?parent=5460"}],"wp:term":[{"taxonomy":"category","embeddable":true,"href":"https:\/\/flagprint.ch\/fr\/wp-json\/wp\/v2\/categories?post=5460"},{"taxonomy":"post_tag","embeddable":true,"href":"https:\/\/flagprint.ch\/fr\/wp-json\/wp\/v2\/tags?post=5460"}],"curies":[{"name":"wp","href":"https:\/\/api.w.org\/{rel}","templated":true}]}}