{"id":5444,"date":"2018-04-06T12:00:15","date_gmt":"2018-04-06T10:00:15","guid":{"rendered":"https:\/\/flagprint.ch\/nouvelles\/akustikkonzept-fuer-twint\/"},"modified":"2020-01-09T09:14:40","modified_gmt":"2020-01-09T08:14:40","slug":"concept-acoustique-pour-twint","status":"publish","type":"post","link":"https:\/\/flagprint.ch\/fr\/references\/concept-acoustique-pour-twint\/","title":{"rendered":"Concept acoustique pour Twint"},"content":{"rendered":"\t\t<div data-elementor-type=\"wp-post\" data-elementor-id=\"5444\" class=\"elementor elementor-5444 elementor-1958\" data-elementor-post-type=\"post\">\n\t\t\t\t\t\t<section class=\"elementor-section elementor-top-section elementor-element elementor-element-5999a96 elementor-section-full_width elementor-section-height-default elementor-section-height-default\" data-id=\"5999a96\" data-element_type=\"section\" data-e-type=\"section\">\n\t\t\t\t\t\t<div class=\"elementor-container elementor-column-gap-no\">\n\t\t\t\t\t<div class=\"elementor-column elementor-col-50 elementor-top-column elementor-element elementor-element-5d7246b fp-single-left\" data-id=\"5d7246b\" data-element_type=\"column\" data-e-type=\"column\">\n\t\t\t<div class=\"elementor-widget-wrap elementor-element-populated\">\n\t\t\t\t\t\t<div class=\"elementor-element elementor-element-605e259 elementor-widget elementor-widget-image\" data-id=\"605e259\" data-element_type=\"widget\" data-e-type=\"widget\" data-widget_type=\"image.default\">\n\t\t\t\t<div class=\"elementor-widget-container\">\n\t\t\t\t\t\t\t\t\t\t\t\t\t\t\t<img fetchpriority=\"high\" decoding=\"async\" width=\"800\" height=\"600\" src=\"https:\/\/flagprint.ch\/wp-content\/uploads\/2019\/02\/referenzen-twint-acoustic-cube-raumteiler-indoor-office-1200x900.jpg\" class=\"attachment-large size-large wp-image-5129\" alt=\"\" srcset=\"https:\/\/flagprint.ch\/wp-content\/uploads\/2019\/02\/referenzen-twint-acoustic-cube-raumteiler-indoor-office-1200x900.jpg 1200w, https:\/\/flagprint.ch\/wp-content\/uploads\/2019\/02\/referenzen-twint-acoustic-cube-raumteiler-indoor-office-800x600.jpg 800w, https:\/\/flagprint.ch\/wp-content\/uploads\/2019\/02\/referenzen-twint-acoustic-cube-raumteiler-indoor-office-768x576.jpg 768w, https:\/\/flagprint.ch\/wp-content\/uploads\/2019\/02\/referenzen-twint-acoustic-cube-raumteiler-indoor-office.jpg 1600w\" sizes=\"(max-width: 800px) 100vw, 800px\">\t\t\t\t\t\t\t\t\t\t\t\t\t\t\t<\/div>\n\t\t\t\t<\/div>\n\t\t\t\t<div class=\"elementor-element elementor-element-1e24d31 elementor-widget elementor-widget-image-gallery\" data-id=\"1e24d31\" data-element_type=\"widget\" data-e-type=\"widget\" data-widget_type=\"image-gallery.default\">\n\t\t\t\t<div class=\"elementor-widget-container\">\n\t\t\t\t\t\t\t<div class=\"elementor-image-gallery\">\n\t\t\t<div id='gallery-1' class='gallery galleryid-5444 gallery-columns-3 gallery-size-full'><figure class='gallery-item'>\n\t\t\t<div class='gallery-icon landscape'>\n\t\t\t\t<a  href='https:\/\/flagprint.ch\/wp-content\/uploads\/2019\/02\/raumdesign-acousticframe-wuerfel-cube-raumtrenner-indoor-twint.jpg' title=\"acousticframe cube\" data-rl_title=\"acousticframe cube\" class=\"rl-gallery-link\" data-rl_caption=\"Convient bien pour les pi\u00e8ces \u00e0 plafond haut.\" data-rel=\"fp-lightbox-gallery-1\"><img width=\"1600\" height=\"1200\" src=\"https:\/\/flagprint.ch\/wp-content\/uploads\/2019\/02\/raumdesign-acousticframe-wuerfel-cube-raumtrenner-indoor-twint.jpg\" class=\"attachment-full size-full\" alt=\"acousticframe cube pr\u00e9sente d\u2019excellentes propri\u00e9t\u00e9s d\u2019absorption acoustique et est facile \u00e0 installer \u00e0 l\u2019aide d\u2019un syst\u00e8me de c\u00e2bles.\" aria-describedby=\"gallery-1-4744\" decoding=\"async\" srcset=\"https:\/\/flagprint.ch\/wp-content\/uploads\/2019\/02\/raumdesign-acousticframe-wuerfel-cube-raumtrenner-indoor-twint.jpg 1600w, https:\/\/flagprint.ch\/wp-content\/uploads\/2019\/02\/raumdesign-acousticframe-wuerfel-cube-raumtrenner-indoor-twint-800x600.jpg 800w, https:\/\/flagprint.ch\/wp-content\/uploads\/2019\/02\/raumdesign-acousticframe-wuerfel-cube-raumtrenner-indoor-twint-768x576.jpg 768w, https:\/\/flagprint.ch\/wp-content\/uploads\/2019\/02\/raumdesign-acousticframe-wuerfel-cube-raumtrenner-indoor-twint-1200x900.jpg 1200w\" sizes=\"(max-width: 1600px) 100vw, 1600px\" \/><\/a>\n\t\t\t<\/div>\n\t\t\t\t<figcaption class='wp-caption-text gallery-caption' id='gallery-1-4744'>\n\t\t\t\tacousticframe cube\n\t\t\t\t<\/figcaption><\/figure><figure class='gallery-item'>\n\t\t\t<div class='gallery-icon landscape'>\n\t\t\t\t<a  href='https:\/\/flagprint.ch\/wp-content\/uploads\/2019\/02\/raumdesign-acousticframe-raumteiler-akustikkonzept-indoor-twint.jpg' title=\"acousticframe panneau de s\u00e9paration\" data-rl_title=\"acousticframe panneau de s\u00e9paration\" class=\"rl-gallery-link\" data-rl_caption=\"Grands formats dans toutes les dimensions.\" data-rel=\"fp-lightbox-gallery-1\"><img width=\"1600\" height=\"1200\" src=\"https:\/\/flagprint.ch\/wp-content\/uploads\/2019\/02\/raumdesign-acousticframe-raumteiler-akustikkonzept-indoor-twint.jpg\" class=\"attachment-full size-full\" alt=\"L&#039;acousticframe panneau de s\u00e9paration \u00e0 forte absorption acoustique offre protection contre les regards et discr\u00e9tion dans les espaces ouverts.\" aria-describedby=\"gallery-1-4764\" decoding=\"async\" srcset=\"https:\/\/flagprint.ch\/wp-content\/uploads\/2019\/02\/raumdesign-acousticframe-raumteiler-akustikkonzept-indoor-twint.jpg 1600w, https:\/\/flagprint.ch\/wp-content\/uploads\/2019\/02\/raumdesign-acousticframe-raumteiler-akustikkonzept-indoor-twint-800x600.jpg 800w, https:\/\/flagprint.ch\/wp-content\/uploads\/2019\/02\/raumdesign-acousticframe-raumteiler-akustikkonzept-indoor-twint-768x576.jpg 768w, https:\/\/flagprint.ch\/wp-content\/uploads\/2019\/02\/raumdesign-acousticframe-raumteiler-akustikkonzept-indoor-twint-1200x900.jpg 1200w\" sizes=\"(max-width: 1600px) 100vw, 1600px\" \/><\/a>\n\t\t\t<\/div>\n\t\t\t\t<figcaption class='wp-caption-text gallery-caption' id='gallery-1-4764'>\n\t\t\t\tacousticframe panneau de s\u00e9paration\n\t\t\t\t<\/figcaption><\/figure><figure class='gallery-item'>\n\t\t\t<div class='gallery-icon landscape'>\n\t\t\t\t<a  href='https:\/\/flagprint.ch\/wp-content\/uploads\/2019\/02\/raumdesign-acousticframe-wuerfel-cube-indoor-twint.jpg' title=\"acousticframe cube\" data-rl_title=\"acousticframe cube\" class=\"rl-gallery-link\" data-rl_caption=\"Housse du cube personnalisable.\" data-rel=\"fp-lightbox-gallery-1\"><img loading=\"lazy\" width=\"1600\" height=\"1200\" src=\"https:\/\/flagprint.ch\/wp-content\/uploads\/2019\/02\/raumdesign-acousticframe-wuerfel-cube-indoor-twint.jpg\" class=\"attachment-full size-full\" alt=\"acousticframe cube pr\u00e9sente d\u2019excellentes propri\u00e9t\u00e9s d\u2019absorption acoustique et est facile \u00e0 installer \u00e0 l\u2019aide d\u2019un syst\u00e8me de c\u00e2bles.\" aria-describedby=\"gallery-1-4740\" decoding=\"async\" srcset=\"https:\/\/flagprint.ch\/wp-content\/uploads\/2019\/02\/raumdesign-acousticframe-wuerfel-cube-indoor-twint.jpg 1600w, https:\/\/flagprint.ch\/wp-content\/uploads\/2019\/02\/raumdesign-acousticframe-wuerfel-cube-indoor-twint-800x600.jpg 800w, https:\/\/flagprint.ch\/wp-content\/uploads\/2019\/02\/raumdesign-acousticframe-wuerfel-cube-indoor-twint-768x576.jpg 768w, https:\/\/flagprint.ch\/wp-content\/uploads\/2019\/02\/raumdesign-acousticframe-wuerfel-cube-indoor-twint-1200x900.jpg 1200w\" sizes=\"(max-width: 1600px) 100vw, 1600px\" \/><\/a>\n\t\t\t<\/div>\n\t\t\t\t<figcaption class='wp-caption-text gallery-caption' id='gallery-1-4740'>\n\t\t\t\tacousticframe cube\n\t\t\t\t<\/figcaption><\/figure><figure class='gallery-item'>\n\t\t\t<div class='gallery-icon landscape'>\n\t\t\t\t<a  href='https:\/\/flagprint.ch\/wp-content\/uploads\/2019\/02\/raumdesign-acousticframe-raumteiler-akustikkonzept-buero-twint.jpg' title=\"acousticframe panneau de s\u00e9paration\" data-rl_title=\"acousticframe panneau de s\u00e9paration\" class=\"rl-gallery-link\" data-rl_caption=\"Grande vari\u00e9t\u00e9 de tissus\" data-rel=\"fp-lightbox-gallery-1\"><img loading=\"lazy\" width=\"1600\" height=\"1200\" src=\"https:\/\/flagprint.ch\/wp-content\/uploads\/2019\/02\/raumdesign-acousticframe-raumteiler-akustikkonzept-buero-twint.jpg\" class=\"attachment-full size-full\" alt=\"L&#039;acousticframe panneau de s\u00e9paration \u00e0 forte absorption acoustique offre protection contre les regards et discr\u00e9tion dans les espaces ouverts.\" aria-describedby=\"gallery-1-4762\" decoding=\"async\" srcset=\"https:\/\/flagprint.ch\/wp-content\/uploads\/2019\/02\/raumdesign-acousticframe-raumteiler-akustikkonzept-buero-twint.jpg 1600w, https:\/\/flagprint.ch\/wp-content\/uploads\/2019\/02\/raumdesign-acousticframe-raumteiler-akustikkonzept-buero-twint-800x600.jpg 800w, https:\/\/flagprint.ch\/wp-content\/uploads\/2019\/02\/raumdesign-acousticframe-raumteiler-akustikkonzept-buero-twint-768x576.jpg 768w, https:\/\/flagprint.ch\/wp-content\/uploads\/2019\/02\/raumdesign-acousticframe-raumteiler-akustikkonzept-buero-twint-1200x900.jpg 1200w\" sizes=\"(max-width: 1600px) 100vw, 1600px\" \/><\/a>\n\t\t\t<\/div>\n\t\t\t\t<figcaption class='wp-caption-text gallery-caption' id='gallery-1-4762'>\n\t\t\t\tacousticframe panneau de s\u00e9paration\n\t\t\t\t<\/figcaption><\/figure><figure class='gallery-item'>\n\t\t\t<div class='gallery-icon portrait'>\n\t\t\t\t<a  href='https:\/\/flagprint.ch\/wp-content\/uploads\/2019\/03\/referenzen-twint-acoustic-frame-cube-raumteiler-indoor-office.jpg' title=\"acousticframe cube\" data-rl_title=\"acousticframe cube\" class=\"rl-gallery-link\" data-rl_caption=\"Absorption acoustique maximale (absorbeur \u00e0 bande large).\" data-rel=\"fp-lightbox-gallery-1\"><img loading=\"lazy\" width=\"1200\" height=\"1600\" src=\"https:\/\/flagprint.ch\/wp-content\/uploads\/2019\/03\/referenzen-twint-acoustic-frame-cube-raumteiler-indoor-office.jpg\" class=\"attachment-full size-full\" alt=\"acousticframe cube pr\u00e9sente d\u2019excellentes propri\u00e9t\u00e9s d\u2019absorption acoustique et est facile \u00e0 installer \u00e0 l\u2019aide d\u2019un syst\u00e8me de c\u00e2bles.\" aria-describedby=\"gallery-1-6945\" decoding=\"async\" srcset=\"https:\/\/flagprint.ch\/wp-content\/uploads\/2019\/03\/referenzen-twint-acoustic-frame-cube-raumteiler-indoor-office.jpg 1200w, https:\/\/flagprint.ch\/wp-content\/uploads\/2019\/03\/referenzen-twint-acoustic-frame-cube-raumteiler-indoor-office-300x400.jpg 300w, https:\/\/flagprint.ch\/wp-content\/uploads\/2019\/03\/referenzen-twint-acoustic-frame-cube-raumteiler-indoor-office-600x800.jpg 600w, https:\/\/flagprint.ch\/wp-content\/uploads\/2019\/03\/referenzen-twint-acoustic-frame-cube-raumteiler-indoor-office-768x1024.jpg 768w, https:\/\/flagprint.ch\/wp-content\/uploads\/2019\/03\/referenzen-twint-acoustic-frame-cube-raumteiler-indoor-office-900x1200.jpg 900w\" sizes=\"(max-width: 1200px) 100vw, 1200px\" \/><\/a>\n\t\t\t<\/div>\n\t\t\t\t<figcaption class='wp-caption-text gallery-caption' id='gallery-1-6945'>\n\t\t\t\tacousticframe cube\n\t\t\t\t<\/figcaption><\/figure><figure class='gallery-item'>\n\t\t\t<div class='gallery-icon landscape'>\n\t\t\t\t<a  href='https:\/\/flagprint.ch\/wp-content\/uploads\/2019\/02\/raumdesign-acousticframe-wuerfel-cube-indoor-buero-twint.jpg' title=\"acousticframe cube\" data-rl_title=\"acousticframe cube\" class=\"rl-gallery-link\" data-rl_caption=\"Convient bien pour les pi\u00e8ces \u00e0 plafond haut.\" data-rel=\"fp-lightbox-gallery-1\"><img loading=\"lazy\" width=\"1600\" height=\"1200\" src=\"https:\/\/flagprint.ch\/wp-content\/uploads\/2019\/02\/raumdesign-acousticframe-wuerfel-cube-indoor-buero-twint.jpg\" class=\"attachment-full size-full\" alt=\"acousticframe cube pr\u00e9sente d\u2019excellentes propri\u00e9t\u00e9s d\u2019absorption acoustique et est facile \u00e0 installer \u00e0 l\u2019aide d\u2019un syst\u00e8me de c\u00e2bles.\" aria-describedby=\"gallery-1-4738\" decoding=\"async\" srcset=\"https:\/\/flagprint.ch\/wp-content\/uploads\/2019\/02\/raumdesign-acousticframe-wuerfel-cube-indoor-buero-twint.jpg 1600w, https:\/\/flagprint.ch\/wp-content\/uploads\/2019\/02\/raumdesign-acousticframe-wuerfel-cube-indoor-buero-twint-800x600.jpg 800w, https:\/\/flagprint.ch\/wp-content\/uploads\/2019\/02\/raumdesign-acousticframe-wuerfel-cube-indoor-buero-twint-768x576.jpg 768w, https:\/\/flagprint.ch\/wp-content\/uploads\/2019\/02\/raumdesign-acousticframe-wuerfel-cube-indoor-buero-twint-1200x900.jpg 1200w\" sizes=\"(max-width: 1600px) 100vw, 1600px\" \/><\/a>\n\t\t\t<\/div>\n\t\t\t\t<figcaption class='wp-caption-text gallery-caption' id='gallery-1-4738'>\n\t\t\t\tacousticframe cube\n\t\t\t\t<\/figcaption><\/figure>\n\t\t<\/div>\n\t\t<\/div>\n\t\t\t\t\t\t<\/div>\n\t\t\t\t<\/div>\n\t\t\t\t\t<\/div>\n\t\t<\/div>\n\t\t\t\t<div class=\"elementor-column elementor-col-50 elementor-top-column elementor-element elementor-element-72634f8 fp-single-right\" data-id=\"72634f8\" data-element_type=\"column\" data-e-type=\"column\">\n\t\t\t<div class=\"elementor-widget-wrap elementor-element-populated\">\n\t\t\t\t\t\t<div class=\"elementor-element elementor-element-fd40ea7 elementor-widget elementor-widget-theme-post-title elementor-page-title elementor-widget-heading\" data-id=\"fd40ea7\" data-element_type=\"widget\" data-e-type=\"widget\" data-widget_type=\"theme-post-title.default\">\n\t\t\t\t<div class=\"elementor-widget-container\">\n\t\t\t\t\t<h1 class=\"elementor-heading-title elementor-size-default\">Concept acoustique pour Twint<\/h1>\t\t\t\t<\/div>\n\t\t\t\t<\/div>\n\t\t\t\t<div class=\"elementor-element elementor-element-e18f6c0 elementor-align-left elementor-widget elementor-widget-post-info\" data-id=\"e18f6c0\" data-element_type=\"widget\" data-e-type=\"widget\" data-widget_type=\"post-info.default\">\n\t\t\t\t<div class=\"elementor-widget-container\">\n\t\t\t\t\t\t\t<ul class=\"elementor-inline-items elementor-icon-list-items elementor-post-info\">\n\t\t\t\t\t\t\t\t<li class=\"elementor-icon-list-item elementor-repeater-item-effca5d elementor-inline-item\">\n\t\t\t\t\t\t\t\t\t\t\t\t\t<span class=\"elementor-icon-list-text elementor-post-info__item elementor-post-info__item--type-custom\">\n\t\t\t\t\t\t\t\t\t\t6 avril 2018\t\t\t\t\t<\/span>\n\t\t\t\t\t\t\t\t<\/li>\n\t\t\t\t<li class=\"elementor-icon-list-item elementor-repeater-item-1c5cd4b elementor-inline-item\">\n\t\t\t\t\t\t\t\t\t\t\t\t\t<span class=\"elementor-icon-list-text elementor-post-info__item elementor-post-info__item--type-time\">\n\t\t\t\t\t\t\t<span class=\"elementor-post-info__item-prefix\">|<\/span>\n\t\t\t\t\t\t\t\t\t\t<time>12:00<\/time>\t\t\t\t\t<\/span>\n\t\t\t\t\t\t\t\t<\/li>\n\t\t\t\t<\/ul>\n\t\t\t\t\t\t<\/div>\n\t\t\t\t<\/div>\n\t\t\t\t<div class=\"elementor-element elementor-element-870da92 elementor-widget elementor-widget-text-editor\" data-id=\"870da92\" data-element_type=\"widget\" data-e-type=\"widget\" data-widget_type=\"text-editor.default\">\n\t\t\t\t<div class=\"elementor-widget-container\">\n\t\t\t\t\t\t\t\t\t<p>Twint est le porte-monnaie num\u00e9rique des banques suisses. Le si\u00e8ge de l\u2019entreprise, situ\u00e9 dans le superbe ancien b\u00e2timent industriel de la Konsumstrasse 20, offre un grand espace de travail ouvert avec des plafonds de cinq m\u00e8tres de hauteur. Cette espace est magnifique, mais peu agr\u00e9able au niveau acoustique. Heureusement, les deux collaboratrices de Twint, Gabriela Brentani et Josephine Scherler, ont remarqu\u00e9 lors d\u2019une r\u00e9union chez notre client be-advanced \u00e0 quel point les acousticframes remplissaient bien leur fonction. Bref, nous avons \u00e9t\u00e9 invit\u00e9s \u00e0 rendre une petite visite au si\u00e8ge de Twint pour analyser la situation.<\/p><p>Aux vues des murs de pierre class\u00e9s monuments historiques et de l\u2019\u00e9norme fa\u00e7ade de fen\u00eatres, nous avons rapidement exclu la possibilit\u00e9 d\u2019utiliser des absorbeurs muraux et nous sommes rendus \u00e0 l\u2019\u00e9vidence qu\u2019on avait ici plut\u00f4t besoin du cube acousticframe\u00a0: 45 cubes partiellement imprim\u00e9s et 5 panneaux de s\u00e9paration autonomes individuels fournissent \u00e0 pr\u00e9sent chez Twint une absorption acoustique id\u00e9ale gr\u00e2ce \u00e0 une mousse microporeuse install\u00e9e sur les deux faces \u2013 et un environnement de travail acoustique et visuel adapt\u00e9 \u00e0 cette entreprise si innovante.<\/p>\t\t\t\t\t\t\t\t<\/div>\n\t\t\t\t<\/div>\n\t\t\t\t<div class=\"elementor-element elementor-element-c4b056d elementor-widget elementor-widget-button\" data-id=\"c4b056d\" data-element_type=\"widget\" data-e-type=\"widget\" data-widget_type=\"button.default\">\n\t\t\t\t<div class=\"elementor-widget-container\">\n\t\t\t\t\t\t\t\t\t<div class=\"elementor-button-wrapper\">\n\t\t\t\t\t<a class=\"elementor-button elementor-button-link elementor-size-sm\" href=\"http:\/\/fr\/produkte\/acousticframe-cube\/\">\n\t\t\t\t\t\t<span class=\"elementor-button-content-wrapper\">\n\t\t\t\t\t\t\t\t\t<span class=\"elementor-button-text\">Vers le produit acousticframe cube<\/span>\n\t\t\t\t\t<\/span>\n\t\t\t\t\t<\/a>\n\t\t\t\t<\/div>\n\t\t\t\t\t\t\t\t<\/div>\n\t\t\t\t<\/div>\n\t\t\t\t<div class=\"elementor-element elementor-element-6a27a0a elementor-widget elementor-widget-button\" data-id=\"6a27a0a\" data-element_type=\"widget\" data-e-type=\"widget\" data-widget_type=\"button.default\">\n\t\t\t\t<div class=\"elementor-widget-container\">\n\t\t\t\t\t\t\t\t\t<div class=\"elementor-button-wrapper\">\n\t\t\t\t\t<a class=\"elementor-button elementor-button-link elementor-size-sm\" href=\"http:\/\/fr\/produkte\/acousticframe-panneau-de-separation\/\">\n\t\t\t\t\t\t<span class=\"elementor-button-content-wrapper\">\n\t\t\t\t\t\t\t\t\t<span class=\"elementor-button-text\">Vers le produit acousticframe panneau de separation<\/span>\n\t\t\t\t\t<\/span>\n\t\t\t\t\t<\/a>\n\t\t\t\t<\/div>\n\t\t\t\t\t\t\t\t<\/div>\n\t\t\t\t<\/div>\n\t\t\t\t\t<\/div>\n\t\t<\/div>\n\t\t\t\t\t<\/div>\n\t\t<\/section>\n\t\t\t\t<\/div>\n\t\t","protected":false},"excerpt":{"rendered":"<p>Chez Twint, un concept acoustique se composant de cubes et de panneaux de s\u00e9paration a permis d\u2019obtenir un environnement de travail agr\u00e9able au niveau acoustique et visuel<\/p>\n","protected":false},"author":6,"featured_media":3670,"comment_status":"open","ping_status":"open","sticky":false,"template":"","format":"standard","meta":{"footnotes":""},"categories":[1219,2481,2490],"tags":[],"class_list":["post-5444","post","type-post","status-publish","format-standard","has-post-thumbnail","hentry","category-references","category-tout-fr","category-interieur"],"_links":{"self":[{"href":"https:\/\/flagprint.ch\/fr\/wp-json\/wp\/v2\/posts\/5444","targetHints":{"allow":["GET"]}}],"collection":[{"href":"https:\/\/flagprint.ch\/fr\/wp-json\/wp\/v2\/posts"}],"about":[{"href":"https:\/\/flagprint.ch\/fr\/wp-json\/wp\/v2\/types\/post"}],"author":[{"embeddable":true,"href":"https:\/\/flagprint.ch\/fr\/wp-json\/wp\/v2\/users\/6"}],"replies":[{"embeddable":true,"href":"https:\/\/flagprint.ch\/fr\/wp-json\/wp\/v2\/comments?post=5444"}],"version-history":[{"count":0,"href":"https:\/\/flagprint.ch\/fr\/wp-json\/wp\/v2\/posts\/5444\/revisions"}],"wp:featuredmedia":[{"embeddable":true,"href":"https:\/\/flagprint.ch\/fr\/wp-json\/wp\/v2\/media\/3670"}],"wp:attachment":[{"href":"https:\/\/flagprint.ch\/fr\/wp-json\/wp\/v2\/media?parent=5444"}],"wp:term":[{"taxonomy":"category","embeddable":true,"href":"https:\/\/flagprint.ch\/fr\/wp-json\/wp\/v2\/categories?post=5444"},{"taxonomy":"post_tag","embeddable":true,"href":"https:\/\/flagprint.ch\/fr\/wp-json\/wp\/v2\/tags?post=5444"}],"curies":[{"name":"wp","href":"https:\/\/api.w.org\/{rel}","templated":true}]}}