{"id":36475,"date":"2024-04-05T14:37:23","date_gmt":"2024-04-05T12:37:23","guid":{"rendered":"https:\/\/flagprint.ch\/nouvelles\/drapeaux-de-candelabre-pour-le-tourisme-a-graechen\/"},"modified":"2024-04-05T14:38:40","modified_gmt":"2024-04-05T12:38:40","slug":"drapeaux-de-candelabre-pour-le-tourisme-a-graechen","status":"publish","type":"post","link":"https:\/\/flagprint.ch\/fr\/references\/drapeaux-de-candelabre-pour-le-tourisme-a-graechen\/","title":{"rendered":"Drapeaux de cand\u00e9labre pour le tourisme \u00e0 Gr\u00e4chen"},"content":{"rendered":"\t\t<div data-elementor-type=\"wp-post\" data-elementor-id=\"36475\" class=\"elementor elementor-36475 elementor-8841\" data-elementor-post-type=\"post\">\n\t\t\t\t\t\t<section class=\"elementor-section elementor-top-section elementor-element elementor-element-5999a96 elementor-section-full_width elementor-section-height-default elementor-section-height-default\" data-id=\"5999a96\" data-element_type=\"section\" data-e-type=\"section\">\n\t\t\t\t\t\t<div class=\"elementor-container elementor-column-gap-no\">\n\t\t\t\t\t<div class=\"elementor-column elementor-col-50 elementor-top-column elementor-element elementor-element-5d7246b fp-single-left\" data-id=\"5d7246b\" data-element_type=\"column\" data-e-type=\"column\">\n\t\t\t<div class=\"elementor-widget-wrap elementor-element-populated\">\n\t\t\t\t\t\t<div class=\"elementor-element elementor-element-1e24d31 fp-product-gallery elementor-widget elementor-widget-image-gallery\" data-id=\"1e24d31\" data-element_type=\"widget\" data-e-type=\"widget\" data-widget_type=\"image-gallery.default\">\n\t\t\t\t<div class=\"elementor-widget-container\">\n\t\t\t\t\t\t\t<div class=\"elementor-image-gallery\">\n\t\t\t<div id='gallery-1' class='gallery galleryid-36475 gallery-columns-3 gallery-size-full'><figure class='gallery-item'>\n\t\t\t<div class='gallery-icon landscape'>\n\t\t\t\t<a  href='https:\/\/flagprint.ch\/wp-content\/uploads\/2019\/09\/flagprint-kandelaber-fahne-graechen-tourismus-mountainbike.jpg' title=\"Kandelaberfahne in Gr\u00e4chen\" data-rl_title=\"Kandelaberfahne in Gr\u00e4chen\" class=\"rl-gallery-link\" data-rl_caption=\"Die 60 Fahnen machten die Bewohner und Touristen auf den bevorstehenden Bike-Event aufmerksam.\" data-rel=\"fp-lightbox-gallery-1\"><img fetchpriority=\"high\" width=\"1600\" height=\"1200\" src=\"https:\/\/flagprint.ch\/wp-content\/uploads\/2019\/09\/flagprint-kandelaber-fahne-graechen-tourismus-mountainbike.jpg\" class=\"attachment-full size-full\" alt=\"F\u00fcr die UCI Mountainbike Marathon Weltmeisterschaft in Gr\u00e4chen machte die Walliser Feriendestination mit 60 Kandelaberfahnen von flagprint auf den Bike-Event aufmerksam\" aria-describedby=\"gallery-1-8830\" decoding=\"async\" srcset=\"https:\/\/flagprint.ch\/wp-content\/uploads\/2019\/09\/flagprint-kandelaber-fahne-graechen-tourismus-mountainbike.jpg 1600w, https:\/\/flagprint.ch\/wp-content\/uploads\/2019\/09\/flagprint-kandelaber-fahne-graechen-tourismus-mountainbike-400x300.jpg 400w, https:\/\/flagprint.ch\/wp-content\/uploads\/2019\/09\/flagprint-kandelaber-fahne-graechen-tourismus-mountainbike-800x600.jpg 800w, https:\/\/flagprint.ch\/wp-content\/uploads\/2019\/09\/flagprint-kandelaber-fahne-graechen-tourismus-mountainbike-768x576.jpg 768w, https:\/\/flagprint.ch\/wp-content\/uploads\/2019\/09\/flagprint-kandelaber-fahne-graechen-tourismus-mountainbike-1200x900.jpg 1200w\" sizes=\"(max-width: 1600px) 100vw, 1600px\" \/><\/a>\n\t\t\t<\/div>\n\t\t\t\t<figcaption class='wp-caption-text gallery-caption' id='gallery-1-8830'>\n\t\t\t\tKandelaberfahne in Gr\u00e4chen\n\t\t\t\t<\/figcaption><\/figure><figure class='gallery-item'>\n\t\t\t<div class='gallery-icon landscape'>\n\t\t\t\t<a  href='https:\/\/flagprint.ch\/wp-content\/uploads\/2019\/09\/flagprint-jetflag-fahne-graechen-tourismus.jpg' title=\"Kandelaberfahne in Gr\u00e4chen\" data-rl_title=\"Kandelaberfahne in Gr\u00e4chen\" class=\"rl-gallery-link\" data-rl_caption=\"Die 60 Fahnen machten die Bewohner und Touristen auf den bevorstehenden Bike-Event aufmerksam.\" data-rel=\"fp-lightbox-gallery-1\"><img width=\"1600\" height=\"1200\" src=\"https:\/\/flagprint.ch\/wp-content\/uploads\/2019\/09\/flagprint-jetflag-fahne-graechen-tourismus.jpg\" class=\"attachment-full size-full\" alt=\"F\u00fcr die UCI Mountainbike Marathon Weltmeisterschaft in Gr\u00e4chen machte die Walliser Feriendestination mit 60 Kandelaberfahnen von flagprint auf den Bike-Event aufmerksam\" aria-describedby=\"gallery-1-8828\" decoding=\"async\" srcset=\"https:\/\/flagprint.ch\/wp-content\/uploads\/2019\/09\/flagprint-jetflag-fahne-graechen-tourismus.jpg 1600w, https:\/\/flagprint.ch\/wp-content\/uploads\/2019\/09\/flagprint-jetflag-fahne-graechen-tourismus-400x300.jpg 400w, https:\/\/flagprint.ch\/wp-content\/uploads\/2019\/09\/flagprint-jetflag-fahne-graechen-tourismus-800x600.jpg 800w, https:\/\/flagprint.ch\/wp-content\/uploads\/2019\/09\/flagprint-jetflag-fahne-graechen-tourismus-768x576.jpg 768w, https:\/\/flagprint.ch\/wp-content\/uploads\/2019\/09\/flagprint-jetflag-fahne-graechen-tourismus-1200x900.jpg 1200w\" sizes=\"(max-width: 1600px) 100vw, 1600px\" \/><\/a>\n\t\t\t<\/div>\n\t\t\t\t<figcaption class='wp-caption-text gallery-caption' id='gallery-1-8828'>\n\t\t\t\tKandelaberfahne in Gr\u00e4chen\n\t\t\t\t<\/figcaption><\/figure><figure class='gallery-item'>\n\t\t\t<div class='gallery-icon landscape'>\n\t\t\t\t<a  href='https:\/\/flagprint.ch\/wp-content\/uploads\/2019\/09\/flagprint-fahne-graechen-tourismus.jpg' title=\"Kandelaberfahne in Gr\u00e4chen\" data-rl_title=\"Kandelaberfahne in Gr\u00e4chen\" class=\"rl-gallery-link\" data-rl_caption=\"Die 60 Fahnen machten die Bewohner und Touristen auf den bevorstehenden Bike-Event aufmerksam.\" data-rel=\"fp-lightbox-gallery-1\"><img width=\"1600\" height=\"1200\" src=\"https:\/\/flagprint.ch\/wp-content\/uploads\/2019\/09\/flagprint-fahne-graechen-tourismus.jpg\" class=\"attachment-full size-full\" alt=\"F\u00fcr die UCI Mountainbike Marathon Weltmeisterschaft in Gr\u00e4chen machte die Walliser Feriendestination mit 60 Kandelaberfahnen von flagprint auf den Bike-Event aufmerksam\" aria-describedby=\"gallery-1-8826\" decoding=\"async\" srcset=\"https:\/\/flagprint.ch\/wp-content\/uploads\/2019\/09\/flagprint-fahne-graechen-tourismus.jpg 1600w, https:\/\/flagprint.ch\/wp-content\/uploads\/2019\/09\/flagprint-fahne-graechen-tourismus-400x300.jpg 400w, https:\/\/flagprint.ch\/wp-content\/uploads\/2019\/09\/flagprint-fahne-graechen-tourismus-800x600.jpg 800w, https:\/\/flagprint.ch\/wp-content\/uploads\/2019\/09\/flagprint-fahne-graechen-tourismus-768x576.jpg 768w, https:\/\/flagprint.ch\/wp-content\/uploads\/2019\/09\/flagprint-fahne-graechen-tourismus-1200x900.jpg 1200w\" sizes=\"(max-width: 1600px) 100vw, 1600px\" \/><\/a>\n\t\t\t<\/div>\n\t\t\t\t<figcaption class='wp-caption-text gallery-caption' id='gallery-1-8826'>\n\t\t\t\tKandelaberfahne in Gr\u00e4chen\n\t\t\t\t<\/figcaption><\/figure><figure class='gallery-item'>\n\t\t\t<div class='gallery-icon landscape'>\n\t\t\t\t<a  href='https:\/\/flagprint.ch\/wp-content\/uploads\/2019\/09\/flagprint-kandelaber-fahne-graechen-tourismus.jpg' title=\"Kandelaberfahne in Gr\u00e4chen\" data-rl_title=\"Kandelaberfahne in Gr\u00e4chen\" class=\"rl-gallery-link\" data-rl_caption=\"Die 60 Fahnen machten die Bewohner und Touristen auf den bevorstehenden Bike-Event aufmerksam.\" data-rel=\"fp-lightbox-gallery-1\"><img loading=\"lazy\" width=\"1600\" height=\"1200\" src=\"https:\/\/flagprint.ch\/wp-content\/uploads\/2019\/09\/flagprint-kandelaber-fahne-graechen-tourismus.jpg\" class=\"attachment-full size-full\" alt=\"F\u00fcr die UCI Mountainbike Marathon Weltmeisterschaft in Gr\u00e4chen machte die Walliser Feriendestination mit 60 Kandelaberfahnen von flagprint auf den Bike-Event aufmerksam\" aria-describedby=\"gallery-1-8834\" decoding=\"async\" srcset=\"https:\/\/flagprint.ch\/wp-content\/uploads\/2019\/09\/flagprint-kandelaber-fahne-graechen-tourismus.jpg 1600w, https:\/\/flagprint.ch\/wp-content\/uploads\/2019\/09\/flagprint-kandelaber-fahne-graechen-tourismus-400x300.jpg 400w, https:\/\/flagprint.ch\/wp-content\/uploads\/2019\/09\/flagprint-kandelaber-fahne-graechen-tourismus-800x600.jpg 800w, https:\/\/flagprint.ch\/wp-content\/uploads\/2019\/09\/flagprint-kandelaber-fahne-graechen-tourismus-768x576.jpg 768w, https:\/\/flagprint.ch\/wp-content\/uploads\/2019\/09\/flagprint-kandelaber-fahne-graechen-tourismus-1200x900.jpg 1200w\" sizes=\"(max-width: 1600px) 100vw, 1600px\" \/><\/a>\n\t\t\t<\/div>\n\t\t\t\t<figcaption class='wp-caption-text gallery-caption' id='gallery-1-8834'>\n\t\t\t\tKandelaberfahne in Gr\u00e4chen\n\t\t\t\t<\/figcaption><\/figure><figure class='gallery-item'>\n\t\t\t<div class='gallery-icon landscape'>\n\t\t\t\t<a  href='https:\/\/flagprint.ch\/wp-content\/uploads\/2019\/09\/flagprint-kandelaberfahne-graechen-tourismus.jpg' title=\"Kandelaberfahne in Gr\u00e4chen\" data-rl_title=\"Kandelaberfahne in Gr\u00e4chen\" class=\"rl-gallery-link\" data-rl_caption=\"Die 60 Fahnen machten die Bewohner und Touristen auf den bevorstehenden Bike-Event aufmerksam.\" data-rel=\"fp-lightbox-gallery-1\"><img loading=\"lazy\" width=\"1600\" height=\"1200\" src=\"https:\/\/flagprint.ch\/wp-content\/uploads\/2019\/09\/flagprint-kandelaberfahne-graechen-tourismus.jpg\" class=\"attachment-full size-full\" alt=\"F\u00fcr die UCI Mountainbike Marathon Weltmeisterschaft in Gr\u00e4chen machte die Walliser Feriendestination mit 60 Kandelaberfahnen von flagprint auf den Bike-Event aufmerksam\" aria-describedby=\"gallery-1-8838\" decoding=\"async\" srcset=\"https:\/\/flagprint.ch\/wp-content\/uploads\/2019\/09\/flagprint-kandelaberfahne-graechen-tourismus.jpg 1600w, https:\/\/flagprint.ch\/wp-content\/uploads\/2019\/09\/flagprint-kandelaberfahne-graechen-tourismus-400x300.jpg 400w, https:\/\/flagprint.ch\/wp-content\/uploads\/2019\/09\/flagprint-kandelaberfahne-graechen-tourismus-800x600.jpg 800w, https:\/\/flagprint.ch\/wp-content\/uploads\/2019\/09\/flagprint-kandelaberfahne-graechen-tourismus-768x576.jpg 768w, https:\/\/flagprint.ch\/wp-content\/uploads\/2019\/09\/flagprint-kandelaberfahne-graechen-tourismus-1200x900.jpg 1200w\" sizes=\"(max-width: 1600px) 100vw, 1600px\" \/><\/a>\n\t\t\t<\/div>\n\t\t\t\t<figcaption class='wp-caption-text gallery-caption' id='gallery-1-8838'>\n\t\t\t\tKandelaberfahne in Gr\u00e4chen\n\t\t\t\t<\/figcaption><\/figure><figure class='gallery-item'>\n\t\t\t<div class='gallery-icon landscape'>\n\t\t\t\t<a  href='https:\/\/flagprint.ch\/wp-content\/uploads\/2019\/09\/flagprint-kandelaber-fahne-werbung-graechen-tourismus.jpg' title=\"Kandelaberfahne in Gr\u00e4chen\" data-rl_title=\"Kandelaberfahne in Gr\u00e4chen\" class=\"rl-gallery-link\" data-rl_caption=\"Die 60 Fahnen machten die Bewohner und Touristen auf den bevorstehenden Bike-Event aufmerksam.\" data-rel=\"fp-lightbox-gallery-1\"><img loading=\"lazy\" width=\"1600\" height=\"1200\" src=\"https:\/\/flagprint.ch\/wp-content\/uploads\/2019\/09\/flagprint-kandelaber-fahne-werbung-graechen-tourismus.jpg\" class=\"attachment-full size-full\" alt=\"F\u00fcr die UCI Mountainbike Marathon Weltmeisterschaft in Gr\u00e4chen machte die Walliser Feriendestination mit 60 Kandelaberfahnen von flagprint auf den Bike-Event aufmerksam\" aria-describedby=\"gallery-1-8836\" decoding=\"async\" srcset=\"https:\/\/flagprint.ch\/wp-content\/uploads\/2019\/09\/flagprint-kandelaber-fahne-werbung-graechen-tourismus.jpg 1600w, https:\/\/flagprint.ch\/wp-content\/uploads\/2019\/09\/flagprint-kandelaber-fahne-werbung-graechen-tourismus-400x300.jpg 400w, https:\/\/flagprint.ch\/wp-content\/uploads\/2019\/09\/flagprint-kandelaber-fahne-werbung-graechen-tourismus-800x600.jpg 800w, https:\/\/flagprint.ch\/wp-content\/uploads\/2019\/09\/flagprint-kandelaber-fahne-werbung-graechen-tourismus-768x576.jpg 768w, https:\/\/flagprint.ch\/wp-content\/uploads\/2019\/09\/flagprint-kandelaber-fahne-werbung-graechen-tourismus-1200x900.jpg 1200w\" sizes=\"(max-width: 1600px) 100vw, 1600px\" \/><\/a>\n\t\t\t<\/div>\n\t\t\t\t<figcaption class='wp-caption-text gallery-caption' id='gallery-1-8836'>\n\t\t\t\tKandelaberfahne in Gr\u00e4chen\n\t\t\t\t<\/figcaption><\/figure><figure class='gallery-item'>\n\t\t\t<div class='gallery-icon landscape'>\n\t\t\t\t<a  href='https:\/\/flagprint.ch\/wp-content\/uploads\/2019\/09\/flagprint-kandelaber-fahne-graechen-tourismus-wm.jpg' title=\"Kandelaberfahne in Gr\u00e4chen\" data-rl_title=\"Kandelaberfahne in Gr\u00e4chen\" class=\"rl-gallery-link\" data-rl_caption=\"Die 60 Fahnen machten die Bev\u00f6lkerung auf die bevorstehende Bike-Event aufmerksam.\" data-rel=\"fp-lightbox-gallery-1\"><img loading=\"lazy\" width=\"1600\" height=\"1200\" src=\"https:\/\/flagprint.ch\/wp-content\/uploads\/2019\/09\/flagprint-kandelaber-fahne-graechen-tourismus-wm.jpg\" class=\"attachment-full size-full\" alt=\"F\u00fcr die UCI Mountainbike Marathon Weltmeisterschaft in Gr\u00e4chen machte die Walliser Feriendestination mit 60 Kandelaberfahnen von flagprint auf den Bike-Event aufmerksam\" aria-describedby=\"gallery-1-8832\" decoding=\"async\" srcset=\"https:\/\/flagprint.ch\/wp-content\/uploads\/2019\/09\/flagprint-kandelaber-fahne-graechen-tourismus-wm.jpg 1600w, https:\/\/flagprint.ch\/wp-content\/uploads\/2019\/09\/flagprint-kandelaber-fahne-graechen-tourismus-wm-400x300.jpg 400w, https:\/\/flagprint.ch\/wp-content\/uploads\/2019\/09\/flagprint-kandelaber-fahne-graechen-tourismus-wm-800x600.jpg 800w, https:\/\/flagprint.ch\/wp-content\/uploads\/2019\/09\/flagprint-kandelaber-fahne-graechen-tourismus-wm-768x576.jpg 768w, https:\/\/flagprint.ch\/wp-content\/uploads\/2019\/09\/flagprint-kandelaber-fahne-graechen-tourismus-wm-1200x900.jpg 1200w\" sizes=\"(max-width: 1600px) 100vw, 1600px\" \/><\/a>\n\t\t\t<\/div>\n\t\t\t\t<figcaption class='wp-caption-text gallery-caption' id='gallery-1-8832'>\n\t\t\t\tKandelaberfahne in Gr\u00e4chen\n\t\t\t\t<\/figcaption><\/figure>\n\t\t<\/div>\n\t\t<\/div>\n\t\t\t\t\t\t<\/div>\n\t\t\t\t<\/div>\n\t\t\t\t\t<\/div>\n\t\t<\/div>\n\t\t\t\t<div class=\"elementor-column elementor-col-50 elementor-top-column elementor-element elementor-element-72634f8 fp-single-right\" data-id=\"72634f8\" data-element_type=\"column\" data-e-type=\"column\">\n\t\t\t<div class=\"elementor-widget-wrap elementor-element-populated\">\n\t\t\t\t\t\t<div class=\"elementor-element elementor-element-fd40ea7 elementor-widget elementor-widget-theme-post-title elementor-page-title elementor-widget-heading\" data-id=\"fd40ea7\" data-element_type=\"widget\" data-e-type=\"widget\" data-widget_type=\"theme-post-title.default\">\n\t\t\t\t<div class=\"elementor-widget-container\">\n\t\t\t\t\t<h1 class=\"elementor-heading-title elementor-size-default\">Drapeaux de cand\u00e9labre pour le tourisme \u00e0 Gr\u00e4chen<\/h1>\t\t\t\t<\/div>\n\t\t\t\t<\/div>\n\t\t\t\t<div class=\"elementor-element elementor-element-e18f6c0 elementor-align-left elementor-widget elementor-widget-post-info\" data-id=\"e18f6c0\" data-element_type=\"widget\" data-e-type=\"widget\" data-widget_type=\"post-info.default\">\n\t\t\t\t<div class=\"elementor-widget-container\">\n\t\t\t\t\t\t\t<ul class=\"elementor-inline-items elementor-icon-list-items elementor-post-info\">\n\t\t\t\t\t\t\t\t<li class=\"elementor-icon-list-item elementor-repeater-item-effca5d elementor-inline-item\">\n\t\t\t\t\t\t\t\t\t\t\t\t\t<span class=\"elementor-icon-list-text elementor-post-info__item elementor-post-info__item--type-custom\">\n\t\t\t\t\t\t\t\t\t\t5 avril 2024\t\t\t\t\t<\/span>\n\t\t\t\t\t\t\t\t<\/li>\n\t\t\t\t<li class=\"elementor-icon-list-item elementor-repeater-item-1c5cd4b elementor-inline-item\">\n\t\t\t\t\t\t\t\t\t\t\t\t\t<span class=\"elementor-icon-list-text elementor-post-info__item elementor-post-info__item--type-time\">\n\t\t\t\t\t\t\t<span class=\"elementor-post-info__item-prefix\">|<\/span>\n\t\t\t\t\t\t\t\t\t\t<time>14:37<\/time>\t\t\t\t\t<\/span>\n\t\t\t\t\t\t\t\t<\/li>\n\t\t\t\t<\/ul>\n\t\t\t\t\t\t<\/div>\n\t\t\t\t<\/div>\n\t\t\t\t<div class=\"elementor-element elementor-element-870da92 elementor-widget elementor-widget-text-editor\" data-id=\"870da92\" data-element_type=\"widget\" data-e-type=\"widget\" data-widget_type=\"text-editor.default\">\n\t\t\t\t<div class=\"elementor-widget-container\">\n\t\t\t\t\t\t\t\t\t<p>En septembre 2019, <a href=\"https:\/\/www.bike-graechen.ch\/\" target=\"_blank\" rel=\"noopener\">le Championnat du monde de marathon VTT<\/a> UCI s&rsquo;est d\u00e9roul\u00e9 \u00e0 Gr\u00e4chen avec environ 300 coureurs. <a href=\"https:\/\/www.graechen.ch\/\" target=\"_blank\" rel=\"noopener\">La destination de vacances valaisanne<\/a> souhaitait promouvoir en grande pompe l&rsquo;occasion exceptionnelle et a choisi, entre autres, de d\u00e9corer tout le village avec les drapeaux de cand\u00e9labre de flagprint. Les 60 drapeaux ont attir\u00e9 l&rsquo;attention de la population sur l&rsquo;\u00e9v\u00e9nement cycliste \u00e0 venir.<\/p>\n<p>Masha Fux, stagiaire en marketing, a fait l&rsquo;\u00e9loge avec enthousiasme : \u00ab Les coll\u00e8gues serviables de flagprint ont produit et livr\u00e9 les drapeaux en quelques jours seulement. Les drapeaux \u00e9taient faciles \u00e0 monter et ont finalement cr\u00e9\u00e9 un effet wow aupr\u00e8s de nos r\u00e9sidents et touristes. \u00bb<\/p>\n<p>\u00cates-vous \u00e9galement int\u00e9ress\u00e9 par le pavoisement des lampadaires dans les communes ou les villes ? Nous serions ravis de vous <a href=\"https:\/\/flagprint.ch\/fr\/entreprise\/contact\/\">conseiller.<\/a><\/p>\n\t\t\t\t\t\t\t\t<\/div>\n\t\t\t\t<\/div>\n\t\t\t\t<div class=\"elementor-element elementor-element-c4b056d elementor-widget elementor-widget-button\" data-id=\"c4b056d\" data-element_type=\"widget\" data-e-type=\"widget\" data-widget_type=\"button.default\">\n\t\t\t\t<div class=\"elementor-widget-container\">\n\t\t\t\t\t\t\t\t\t<div class=\"elementor-button-wrapper\">\n\t\t\t\t\t<a class=\"elementor-button elementor-button-link elementor-size-sm\" href=\"https:\/\/flagprint.ch\/fr\/produits\/drapeau-de-candelabre\/\">\n\t\t\t\t\t\t<span class=\"elementor-button-content-wrapper\">\n\t\t\t\t\t\t\t\t\t<span class=\"elementor-button-text\">Cliquez ici pour acc\u00e9der au produit<\/span>\n\t\t\t\t\t<\/span>\n\t\t\t\t\t<\/a>\n\t\t\t\t<\/div>\n\t\t\t\t\t\t\t\t<\/div>\n\t\t\t\t<\/div>\n\t\t\t\t\t<\/div>\n\t\t<\/div>\n\t\t\t\t\t<\/div>\n\t\t<\/section>\n\t\t\t\t<\/div>\n\t\t","protected":false},"excerpt":{"rendered":"<p>Avec 60 drapeaux de cand\u00e9labre, Gr\u00e4chen a alert\u00e9 la population sur le Championnat du monde de VTT \u00e0 venir.<\/p>\n","protected":false},"author":6,"featured_media":8840,"comment_status":"open","ping_status":"open","sticky":false,"template":"","format":"standard","meta":{"footnotes":""},"categories":[2481,1219,2487,2489],"tags":[3361,3362,3363,3364,3365],"class_list":["post-36475","post","type-post","status-publish","format-standard","has-post-thumbnail","hentry","category-tout-fr","category-references","category-drapeaux","category-exposition-event","tag-drapeaux-de-candelabre","tag-pavoisement-des-communes-et-des-villes","tag-championnat-du-monde-de-marathon-vtt-uci","tag-graechen-fr","tag-valais"],"_links":{"self":[{"href":"https:\/\/flagprint.ch\/fr\/wp-json\/wp\/v2\/posts\/36475","targetHints":{"allow":["GET"]}}],"collection":[{"href":"https:\/\/flagprint.ch\/fr\/wp-json\/wp\/v2\/posts"}],"about":[{"href":"https:\/\/flagprint.ch\/fr\/wp-json\/wp\/v2\/types\/post"}],"author":[{"embeddable":true,"href":"https:\/\/flagprint.ch\/fr\/wp-json\/wp\/v2\/users\/6"}],"replies":[{"embeddable":true,"href":"https:\/\/flagprint.ch\/fr\/wp-json\/wp\/v2\/comments?post=36475"}],"version-history":[{"count":0,"href":"https:\/\/flagprint.ch\/fr\/wp-json\/wp\/v2\/posts\/36475\/revisions"}],"wp:featuredmedia":[{"embeddable":true,"href":"https:\/\/flagprint.ch\/fr\/wp-json\/wp\/v2\/media\/8840"}],"wp:attachment":[{"href":"https:\/\/flagprint.ch\/fr\/wp-json\/wp\/v2\/media?parent=36475"}],"wp:term":[{"taxonomy":"category","embeddable":true,"href":"https:\/\/flagprint.ch\/fr\/wp-json\/wp\/v2\/categories?post=36475"},{"taxonomy":"post_tag","embeddable":true,"href":"https:\/\/flagprint.ch\/fr\/wp-json\/wp\/v2\/tags?post=36475"}],"curies":[{"name":"wp","href":"https:\/\/api.w.org\/{rel}","templated":true}]}}