{"id":32986,"date":"2021-06-26T16:48:00","date_gmt":"2021-06-26T14:48:00","guid":{"rendered":"https:\/\/flagprint.ch\/nouvelles\/interieur-de-remorque-evenementielle-pour-rivella\/"},"modified":"2023-03-01T16:49:42","modified_gmt":"2023-03-01T15:49:42","slug":"interieur-de-remorque-evenementielle-pour-rivella","status":"publish","type":"post","link":"https:\/\/flagprint.ch\/fr\/references\/interieur-de-remorque-evenementielle-pour-rivella\/","title":{"rendered":"Int\u00e9rieur de remorque \u00e9v\u00e9nementielle pour Rivella"},"content":{"rendered":"\t\t<div data-elementor-type=\"wp-post\" data-elementor-id=\"32986\" class=\"elementor elementor-32986 elementor-13579\" data-elementor-post-type=\"post\">\n\t\t\t\t\t\t<section class=\"elementor-section elementor-top-section elementor-element elementor-element-6d7ab38 elementor-section-full_width elementor-section-height-default elementor-section-height-default\" data-id=\"6d7ab38\" data-element_type=\"section\" data-e-type=\"section\">\n\t\t\t\t\t\t<div class=\"elementor-container elementor-column-gap-no\">\n\t\t\t\t\t<div class=\"elementor-column elementor-col-50 elementor-top-column elementor-element elementor-element-8e34456 fp-single-left\" data-id=\"8e34456\" data-element_type=\"column\" data-e-type=\"column\">\n\t\t\t<div class=\"elementor-widget-wrap elementor-element-populated\">\n\t\t\t\t\t\t<div class=\"elementor-element elementor-element-17a06f5 elementor-widget elementor-widget-video\" data-id=\"17a06f5\" data-element_type=\"widget\" data-e-type=\"widget\" data-settings=\"{&quot;youtube_url&quot;:&quot;https:\\\/\\\/youtu.be\\\/FQA8GUFHM58&quot;,&quot;autoplay&quot;:&quot;yes&quot;,&quot;video_type&quot;:&quot;youtube&quot;,&quot;controls&quot;:&quot;yes&quot;}\" data-widget_type=\"video.default\">\n\t\t\t\t<div class=\"elementor-widget-container\">\n\t\t\t\t\t\t\t<div class=\"elementor-wrapper elementor-open-inline\">\n\t\t\t<div class=\"elementor-video\"><\/div>\t\t<\/div>\n\t\t\t\t\t\t<\/div>\n\t\t\t\t<\/div>\n\t\t\t\t<div class=\"elementor-element elementor-element-c842e85 fp-product-gallery elementor-widget elementor-widget-image-gallery\" data-id=\"c842e85\" data-element_type=\"widget\" data-e-type=\"widget\" data-widget_type=\"image-gallery.default\">\n\t\t\t\t<div class=\"elementor-widget-container\">\n\t\t\t\t\t\t\t<div class=\"elementor-image-gallery\">\n\t\t\t<div id='gallery-1' class='gallery galleryid-32986 gallery-columns-3 gallery-size-full'><figure class='gallery-item'>\n\t\t\t<div class='gallery-icon landscape'>\n\t\t\t\t<a  href='https:\/\/flagprint.ch\/wp-content\/uploads\/2021\/04\/flagprint-referenz-rivella-anhaenger-interieur-aluframe-keder-stoffprint-display.jpg' title=\"Event-Anh\u00e4nger-Interieur f\u00fcr Rivella\" data-rl_title=\"Event-Anh\u00e4nger-Interieur f\u00fcr Rivella\" class=\"rl-gallery-link\" data-rl_caption=\"Ausgekl\u00fcgelte Konstruktion mit aluframe und f\u00fcr Screens ausgesparte Stoffprints mit Flachkeder.\" data-rel=\"fp-lightbox-gallery-1\"><img fetchpriority=\"high\" width=\"1600\" height=\"1200\" src=\"https:\/\/flagprint.ch\/wp-content\/uploads\/2021\/04\/flagprint-referenz-rivella-anhaenger-interieur-aluframe-keder-stoffprint-display.jpg\" class=\"attachment-full size-full\" alt=\"In den Vidmarhallen verliehen wir dem Rivella Eventanh\u00e4nger ein neues Interieur.\" aria-describedby=\"gallery-1-13591\" decoding=\"async\" srcset=\"https:\/\/flagprint.ch\/wp-content\/uploads\/2021\/04\/flagprint-referenz-rivella-anhaenger-interieur-aluframe-keder-stoffprint-display.jpg 1600w, https:\/\/flagprint.ch\/wp-content\/uploads\/2021\/04\/flagprint-referenz-rivella-anhaenger-interieur-aluframe-keder-stoffprint-display-800x600.jpg 800w, https:\/\/flagprint.ch\/wp-content\/uploads\/2021\/04\/flagprint-referenz-rivella-anhaenger-interieur-aluframe-keder-stoffprint-display-1200x900.jpg 1200w, https:\/\/flagprint.ch\/wp-content\/uploads\/2021\/04\/flagprint-referenz-rivella-anhaenger-interieur-aluframe-keder-stoffprint-display-400x300.jpg 400w, https:\/\/flagprint.ch\/wp-content\/uploads\/2021\/04\/flagprint-referenz-rivella-anhaenger-interieur-aluframe-keder-stoffprint-display-768x576.jpg 768w, https:\/\/flagprint.ch\/wp-content\/uploads\/2021\/04\/flagprint-referenz-rivella-anhaenger-interieur-aluframe-keder-stoffprint-display-1536x1152.jpg 1536w\" sizes=\"(max-width: 1600px) 100vw, 1600px\" \/><\/a>\n\t\t\t<\/div>\n\t\t\t\t<figcaption class='wp-caption-text gallery-caption' id='gallery-1-13591'>\n\t\t\t\tEvent-Anh\u00e4nger-Interieur f\u00fcr Rivella\n\t\t\t\t<\/figcaption><\/figure><figure class='gallery-item'>\n\t\t\t<div class='gallery-icon landscape'>\n\t\t\t\t<a  href='https:\/\/flagprint.ch\/wp-content\/uploads\/2021\/04\/flagprint-referenz-rivella-anhaenger-interieur-aluframe-keder-stoffprint-auftrag.jpg' title=\"Event-Anh\u00e4nger-Interieur f\u00fcr Rivella\" data-rl_title=\"Event-Anh\u00e4nger-Interieur f\u00fcr Rivella\" class=\"rl-gallery-link\" data-rl_caption=\"Ausgekl\u00fcgelte Konstruktion mit aluframe und f\u00fcr Screens ausgesparte Stoffprints mit Flachkeder.\" data-rel=\"fp-lightbox-gallery-1\"><img width=\"1600\" height=\"1200\" src=\"https:\/\/flagprint.ch\/wp-content\/uploads\/2021\/04\/flagprint-referenz-rivella-anhaenger-interieur-aluframe-keder-stoffprint-auftrag.jpg\" class=\"attachment-full size-full\" alt=\"In den Vidmarhallen verliehen wir dem Rivella Eventanh\u00e4nger ein neues Interieur.\" aria-describedby=\"gallery-1-13595\" decoding=\"async\" srcset=\"https:\/\/flagprint.ch\/wp-content\/uploads\/2021\/04\/flagprint-referenz-rivella-anhaenger-interieur-aluframe-keder-stoffprint-auftrag.jpg 1600w, https:\/\/flagprint.ch\/wp-content\/uploads\/2021\/04\/flagprint-referenz-rivella-anhaenger-interieur-aluframe-keder-stoffprint-auftrag-800x600.jpg 800w, https:\/\/flagprint.ch\/wp-content\/uploads\/2021\/04\/flagprint-referenz-rivella-anhaenger-interieur-aluframe-keder-stoffprint-auftrag-1200x900.jpg 1200w, https:\/\/flagprint.ch\/wp-content\/uploads\/2021\/04\/flagprint-referenz-rivella-anhaenger-interieur-aluframe-keder-stoffprint-auftrag-400x300.jpg 400w, https:\/\/flagprint.ch\/wp-content\/uploads\/2021\/04\/flagprint-referenz-rivella-anhaenger-interieur-aluframe-keder-stoffprint-auftrag-768x576.jpg 768w, https:\/\/flagprint.ch\/wp-content\/uploads\/2021\/04\/flagprint-referenz-rivella-anhaenger-interieur-aluframe-keder-stoffprint-auftrag-1536x1152.jpg 1536w\" sizes=\"(max-width: 1600px) 100vw, 1600px\" \/><\/a>\n\t\t\t<\/div>\n\t\t\t\t<figcaption class='wp-caption-text gallery-caption' id='gallery-1-13595'>\n\t\t\t\tEvent-Anh\u00e4nger-Interieur f\u00fcr Rivella\n\t\t\t\t<\/figcaption><\/figure><figure class='gallery-item'>\n\t\t\t<div class='gallery-icon landscape'>\n\t\t\t\t<a  href='https:\/\/flagprint.ch\/wp-content\/uploads\/2021\/04\/flagprint-referenz-rivella-anhaenger-interieur-aluframe-keder-stoffprint.jpg' title=\"Event-Anh\u00e4nger-Interieur f\u00fcr Rivella\" data-rl_title=\"Event-Anh\u00e4nger-Interieur f\u00fcr Rivella\" class=\"rl-gallery-link\" data-rl_caption=\"Ausgekl\u00fcgelte Konstruktion mit aluframe und f\u00fcr Screens ausgesparte Stoffprints mit Flachkeder.\" data-rel=\"fp-lightbox-gallery-1\"><img width=\"1600\" height=\"1200\" src=\"https:\/\/flagprint.ch\/wp-content\/uploads\/2021\/04\/flagprint-referenz-rivella-anhaenger-interieur-aluframe-keder-stoffprint.jpg\" class=\"attachment-full size-full\" alt=\"In den Vidmarhallen verliehen wir dem Rivella Eventanh\u00e4nger ein neues Interieur.\" aria-describedby=\"gallery-1-13597\" decoding=\"async\" srcset=\"https:\/\/flagprint.ch\/wp-content\/uploads\/2021\/04\/flagprint-referenz-rivella-anhaenger-interieur-aluframe-keder-stoffprint.jpg 1600w, https:\/\/flagprint.ch\/wp-content\/uploads\/2021\/04\/flagprint-referenz-rivella-anhaenger-interieur-aluframe-keder-stoffprint-800x600.jpg 800w, https:\/\/flagprint.ch\/wp-content\/uploads\/2021\/04\/flagprint-referenz-rivella-anhaenger-interieur-aluframe-keder-stoffprint-1200x900.jpg 1200w, https:\/\/flagprint.ch\/wp-content\/uploads\/2021\/04\/flagprint-referenz-rivella-anhaenger-interieur-aluframe-keder-stoffprint-400x300.jpg 400w, https:\/\/flagprint.ch\/wp-content\/uploads\/2021\/04\/flagprint-referenz-rivella-anhaenger-interieur-aluframe-keder-stoffprint-768x576.jpg 768w, https:\/\/flagprint.ch\/wp-content\/uploads\/2021\/04\/flagprint-referenz-rivella-anhaenger-interieur-aluframe-keder-stoffprint-1536x1152.jpg 1536w\" sizes=\"(max-width: 1600px) 100vw, 1600px\" \/><\/a>\n\t\t\t<\/div>\n\t\t\t\t<figcaption class='wp-caption-text gallery-caption' id='gallery-1-13597'>\n\t\t\t\tEvent-Anh\u00e4nger-Interieur f\u00fcr Rivella\n\t\t\t\t<\/figcaption><\/figure><figure class='gallery-item'>\n\t\t\t<div class='gallery-icon landscape'>\n\t\t\t\t<a  href='https:\/\/flagprint.ch\/wp-content\/uploads\/2021\/04\/flagprint-referenz-rivella-anhaenger-interieur-aluframe-keder-stoffprint-pos.jpg' title=\"Event-Anh\u00e4nger-Interieur f\u00fcr Rivella\" data-rl_title=\"Event-Anh\u00e4nger-Interieur f\u00fcr Rivella\" class=\"rl-gallery-link\" data-rl_caption=\"Ausgekl\u00fcgelte Konstruktion mit aluframe und f\u00fcr Screens ausgesparte Stoffprints mit Flachkeder.\" data-rel=\"fp-lightbox-gallery-1\"><img loading=\"lazy\" width=\"1600\" height=\"1200\" src=\"https:\/\/flagprint.ch\/wp-content\/uploads\/2021\/04\/flagprint-referenz-rivella-anhaenger-interieur-aluframe-keder-stoffprint-pos.jpg\" class=\"attachment-full size-full\" alt=\"In den Vidmarhallen verliehen wir dem Rivella Eventanh\u00e4nger ein neues Interieur.\" aria-describedby=\"gallery-1-13585\" decoding=\"async\" srcset=\"https:\/\/flagprint.ch\/wp-content\/uploads\/2021\/04\/flagprint-referenz-rivella-anhaenger-interieur-aluframe-keder-stoffprint-pos.jpg 1600w, https:\/\/flagprint.ch\/wp-content\/uploads\/2021\/04\/flagprint-referenz-rivella-anhaenger-interieur-aluframe-keder-stoffprint-pos-800x600.jpg 800w, https:\/\/flagprint.ch\/wp-content\/uploads\/2021\/04\/flagprint-referenz-rivella-anhaenger-interieur-aluframe-keder-stoffprint-pos-1200x900.jpg 1200w, https:\/\/flagprint.ch\/wp-content\/uploads\/2021\/04\/flagprint-referenz-rivella-anhaenger-interieur-aluframe-keder-stoffprint-pos-400x300.jpg 400w, https:\/\/flagprint.ch\/wp-content\/uploads\/2021\/04\/flagprint-referenz-rivella-anhaenger-interieur-aluframe-keder-stoffprint-pos-768x576.jpg 768w, https:\/\/flagprint.ch\/wp-content\/uploads\/2021\/04\/flagprint-referenz-rivella-anhaenger-interieur-aluframe-keder-stoffprint-pos-1536x1152.jpg 1536w\" sizes=\"(max-width: 1600px) 100vw, 1600px\" \/><\/a>\n\t\t\t<\/div>\n\t\t\t\t<figcaption class='wp-caption-text gallery-caption' id='gallery-1-13585'>\n\t\t\t\tEvent-Anh\u00e4nger-Interieur f\u00fcr Rivella\n\t\t\t\t<\/figcaption><\/figure><figure class='gallery-item'>\n\t\t\t<div class='gallery-icon landscape'>\n\t\t\t\t<a  href='https:\/\/flagprint.ch\/wp-content\/uploads\/2021\/04\/flagprint-referenz-rivella-anhaenger-interieur-aluframe-keder-stoffprint-design.jpg' title=\"Event-Anh\u00e4nger-Interieur f\u00fcr Rivella\" data-rl_title=\"Event-Anh\u00e4nger-Interieur f\u00fcr Rivella\" class=\"rl-gallery-link\" data-rl_caption=\"Ausgekl\u00fcgelte Konstruktion mit aluframe und f\u00fcr Screens ausgesparte Stoffprints mit Flachkeder.\" data-rel=\"fp-lightbox-gallery-1\"><img loading=\"lazy\" width=\"1600\" height=\"1200\" src=\"https:\/\/flagprint.ch\/wp-content\/uploads\/2021\/04\/flagprint-referenz-rivella-anhaenger-interieur-aluframe-keder-stoffprint-design.jpg\" class=\"attachment-full size-full\" alt=\"In den Vidmarhallen verliehen wir dem Rivella Eventanh\u00e4nger ein neues Interieur.\" aria-describedby=\"gallery-1-13593\" decoding=\"async\" srcset=\"https:\/\/flagprint.ch\/wp-content\/uploads\/2021\/04\/flagprint-referenz-rivella-anhaenger-interieur-aluframe-keder-stoffprint-design.jpg 1600w, https:\/\/flagprint.ch\/wp-content\/uploads\/2021\/04\/flagprint-referenz-rivella-anhaenger-interieur-aluframe-keder-stoffprint-design-800x600.jpg 800w, https:\/\/flagprint.ch\/wp-content\/uploads\/2021\/04\/flagprint-referenz-rivella-anhaenger-interieur-aluframe-keder-stoffprint-design-1200x900.jpg 1200w, https:\/\/flagprint.ch\/wp-content\/uploads\/2021\/04\/flagprint-referenz-rivella-anhaenger-interieur-aluframe-keder-stoffprint-design-400x300.jpg 400w, https:\/\/flagprint.ch\/wp-content\/uploads\/2021\/04\/flagprint-referenz-rivella-anhaenger-interieur-aluframe-keder-stoffprint-design-768x576.jpg 768w, https:\/\/flagprint.ch\/wp-content\/uploads\/2021\/04\/flagprint-referenz-rivella-anhaenger-interieur-aluframe-keder-stoffprint-design-1536x1152.jpg 1536w\" sizes=\"(max-width: 1600px) 100vw, 1600px\" \/><\/a>\n\t\t\t<\/div>\n\t\t\t\t<figcaption class='wp-caption-text gallery-caption' id='gallery-1-13593'>\n\t\t\t\tEvent-Anh\u00e4nger-Interieur f\u00fcr Rivella\n\t\t\t\t<\/figcaption><\/figure><figure class='gallery-item'>\n\t\t\t<div class='gallery-icon landscape'>\n\t\t\t\t<a  href='https:\/\/flagprint.ch\/wp-content\/uploads\/2021\/04\/flagprint-referenz-rivella-anhaenger-interieur-aluframe-keder-stoffprint-event.jpg' title=\"Event-Anh\u00e4nger-Interieur f\u00fcr Rivella\" data-rl_title=\"Event-Anh\u00e4nger-Interieur f\u00fcr Rivella\" class=\"rl-gallery-link\" data-rl_caption=\"Ausgekl\u00fcgelte Konstruktion mit aluframe und f\u00fcr Screens ausgesparte Stoffprints mit Flachkeder.\" data-rel=\"fp-lightbox-gallery-1\"><img loading=\"lazy\" width=\"1600\" height=\"1200\" src=\"https:\/\/flagprint.ch\/wp-content\/uploads\/2021\/04\/flagprint-referenz-rivella-anhaenger-interieur-aluframe-keder-stoffprint-event.jpg\" class=\"attachment-full size-full\" alt=\"In den Vidmarhallen verliehen wir dem Rivella Eventanh\u00e4nger ein neues Interieur.\" aria-describedby=\"gallery-1-13589\" decoding=\"async\" srcset=\"https:\/\/flagprint.ch\/wp-content\/uploads\/2021\/04\/flagprint-referenz-rivella-anhaenger-interieur-aluframe-keder-stoffprint-event.jpg 1600w, https:\/\/flagprint.ch\/wp-content\/uploads\/2021\/04\/flagprint-referenz-rivella-anhaenger-interieur-aluframe-keder-stoffprint-event-800x600.jpg 800w, https:\/\/flagprint.ch\/wp-content\/uploads\/2021\/04\/flagprint-referenz-rivella-anhaenger-interieur-aluframe-keder-stoffprint-event-1200x900.jpg 1200w, https:\/\/flagprint.ch\/wp-content\/uploads\/2021\/04\/flagprint-referenz-rivella-anhaenger-interieur-aluframe-keder-stoffprint-event-400x300.jpg 400w, https:\/\/flagprint.ch\/wp-content\/uploads\/2021\/04\/flagprint-referenz-rivella-anhaenger-interieur-aluframe-keder-stoffprint-event-768x576.jpg 768w, https:\/\/flagprint.ch\/wp-content\/uploads\/2021\/04\/flagprint-referenz-rivella-anhaenger-interieur-aluframe-keder-stoffprint-event-1536x1152.jpg 1536w\" sizes=\"(max-width: 1600px) 100vw, 1600px\" \/><\/a>\n\t\t\t<\/div>\n\t\t\t\t<figcaption class='wp-caption-text gallery-caption' id='gallery-1-13589'>\n\t\t\t\tEvent-Anh\u00e4nger-Interieur f\u00fcr Rivella\n\t\t\t\t<\/figcaption><\/figure><figure class='gallery-item'>\n\t\t\t<div class='gallery-icon landscape'>\n\t\t\t\t<a  href='https:\/\/flagprint.ch\/wp-content\/uploads\/2021\/04\/flagprint-referenz-rivella-anhaenger-interieur-aluframe-keder-stoffprint-montage.jpg' title=\"Event-Anh\u00e4nger-Interieur f\u00fcr Rivella\" data-rl_title=\"Event-Anh\u00e4nger-Interieur f\u00fcr Rivella\" class=\"rl-gallery-link\" data-rl_caption=\"Ausgekl\u00fcgelte Konstruktion mit aluframe und f\u00fcr Screens ausgesparte Stoffprints mit Flachkeder.\" data-rel=\"fp-lightbox-gallery-1\"><img loading=\"lazy\" width=\"1600\" height=\"1200\" src=\"https:\/\/flagprint.ch\/wp-content\/uploads\/2021\/04\/flagprint-referenz-rivella-anhaenger-interieur-aluframe-keder-stoffprint-montage.jpg\" class=\"attachment-full size-full\" alt=\"In den Vidmarhallen verliehen wir dem Rivella Eventanh\u00e4nger ein neues Interieur.\" aria-describedby=\"gallery-1-13587\" decoding=\"async\" srcset=\"https:\/\/flagprint.ch\/wp-content\/uploads\/2021\/04\/flagprint-referenz-rivella-anhaenger-interieur-aluframe-keder-stoffprint-montage.jpg 1600w, https:\/\/flagprint.ch\/wp-content\/uploads\/2021\/04\/flagprint-referenz-rivella-anhaenger-interieur-aluframe-keder-stoffprint-montage-800x600.jpg 800w, https:\/\/flagprint.ch\/wp-content\/uploads\/2021\/04\/flagprint-referenz-rivella-anhaenger-interieur-aluframe-keder-stoffprint-montage-1200x900.jpg 1200w, https:\/\/flagprint.ch\/wp-content\/uploads\/2021\/04\/flagprint-referenz-rivella-anhaenger-interieur-aluframe-keder-stoffprint-montage-400x300.jpg 400w, https:\/\/flagprint.ch\/wp-content\/uploads\/2021\/04\/flagprint-referenz-rivella-anhaenger-interieur-aluframe-keder-stoffprint-montage-768x576.jpg 768w, https:\/\/flagprint.ch\/wp-content\/uploads\/2021\/04\/flagprint-referenz-rivella-anhaenger-interieur-aluframe-keder-stoffprint-montage-1536x1152.jpg 1536w\" sizes=\"(max-width: 1600px) 100vw, 1600px\" \/><\/a>\n\t\t\t<\/div>\n\t\t\t\t<figcaption class='wp-caption-text gallery-caption' id='gallery-1-13587'>\n\t\t\t\tEvent-Anh\u00e4nger-Interieur f\u00fcr Rivella\n\t\t\t\t<\/figcaption><\/figure><figure class='gallery-item'>\n\t\t\t<div class='gallery-icon landscape'>\n\t\t\t\t<a  href='https:\/\/flagprint.ch\/wp-content\/uploads\/2021\/04\/flagprint-referenz-rivella-anhaenger-interieur-aluframe-keder-stoffprint-team.jpg' title=\"Event-Anh\u00e4nger-Interieur f\u00fcr Rivella\" data-rl_title=\"Event-Anh\u00e4nger-Interieur f\u00fcr Rivella\" class=\"rl-gallery-link\" data-rl_caption=\"Ausgekl\u00fcgelte Konstruktion mit aluframe und f\u00fcr Screens ausgesparte Stoffprints mit Flachkeder.\" data-rel=\"fp-lightbox-gallery-1\"><img loading=\"lazy\" width=\"1600\" height=\"1200\" src=\"https:\/\/flagprint.ch\/wp-content\/uploads\/2021\/04\/flagprint-referenz-rivella-anhaenger-interieur-aluframe-keder-stoffprint-team.jpg\" class=\"attachment-full size-full\" alt=\"In den Vidmarhallen verliehen wir dem Rivella Eventanh\u00e4nger ein neues Interieur.\" aria-describedby=\"gallery-1-13583\" decoding=\"async\" srcset=\"https:\/\/flagprint.ch\/wp-content\/uploads\/2021\/04\/flagprint-referenz-rivella-anhaenger-interieur-aluframe-keder-stoffprint-team.jpg 1600w, https:\/\/flagprint.ch\/wp-content\/uploads\/2021\/04\/flagprint-referenz-rivella-anhaenger-interieur-aluframe-keder-stoffprint-team-800x600.jpg 800w, https:\/\/flagprint.ch\/wp-content\/uploads\/2021\/04\/flagprint-referenz-rivella-anhaenger-interieur-aluframe-keder-stoffprint-team-1200x900.jpg 1200w, https:\/\/flagprint.ch\/wp-content\/uploads\/2021\/04\/flagprint-referenz-rivella-anhaenger-interieur-aluframe-keder-stoffprint-team-400x300.jpg 400w, https:\/\/flagprint.ch\/wp-content\/uploads\/2021\/04\/flagprint-referenz-rivella-anhaenger-interieur-aluframe-keder-stoffprint-team-768x576.jpg 768w, https:\/\/flagprint.ch\/wp-content\/uploads\/2021\/04\/flagprint-referenz-rivella-anhaenger-interieur-aluframe-keder-stoffprint-team-1536x1152.jpg 1536w\" sizes=\"(max-width: 1600px) 100vw, 1600px\" \/><\/a>\n\t\t\t<\/div>\n\t\t\t\t<figcaption class='wp-caption-text gallery-caption' id='gallery-1-13583'>\n\t\t\t\tEvent-Anh\u00e4nger-Interieur f\u00fcr Rivella\n\t\t\t\t<\/figcaption><\/figure><figure class='gallery-item'>\n\t\t\t<div class='gallery-icon landscape'>\n\t\t\t\t<a  href='https:\/\/flagprint.ch\/wp-content\/uploads\/2021\/04\/flagprint-referenz-rivella-anhaenger-interieur-aluframe-keder-stoffprint-wand-scaled.jpg' title=\"Event-Anh\u00e4nger-Interieur f\u00fcr Rivella\" data-rl_title=\"Event-Anh\u00e4nger-Interieur f\u00fcr Rivella\" class=\"rl-gallery-link\" data-rl_caption=\"Ausgekl\u00fcgelte Konstruktion mit aluframe und f\u00fcr Screens ausgesparte Stoffprints mit Flachkeder.\" data-rel=\"fp-lightbox-gallery-1\"><img loading=\"lazy\" width=\"2560\" height=\"1920\" src=\"https:\/\/flagprint.ch\/wp-content\/uploads\/2021\/04\/flagprint-referenz-rivella-anhaenger-interieur-aluframe-keder-stoffprint-wand-scaled.jpg\" class=\"attachment-full size-full\" alt=\"In den Vidmarhallen verliehen wir dem Rivella Eventanh\u00e4nger ein neues Interieur.\" aria-describedby=\"gallery-1-13581\" decoding=\"async\" srcset=\"https:\/\/flagprint.ch\/wp-content\/uploads\/2021\/04\/flagprint-referenz-rivella-anhaenger-interieur-aluframe-keder-stoffprint-wand-scaled.jpg 2560w, https:\/\/flagprint.ch\/wp-content\/uploads\/2021\/04\/flagprint-referenz-rivella-anhaenger-interieur-aluframe-keder-stoffprint-wand-800x600.jpg 800w, https:\/\/flagprint.ch\/wp-content\/uploads\/2021\/04\/flagprint-referenz-rivella-anhaenger-interieur-aluframe-keder-stoffprint-wand-1200x900.jpg 1200w, https:\/\/flagprint.ch\/wp-content\/uploads\/2021\/04\/flagprint-referenz-rivella-anhaenger-interieur-aluframe-keder-stoffprint-wand-400x300.jpg 400w, https:\/\/flagprint.ch\/wp-content\/uploads\/2021\/04\/flagprint-referenz-rivella-anhaenger-interieur-aluframe-keder-stoffprint-wand-768x576.jpg 768w, https:\/\/flagprint.ch\/wp-content\/uploads\/2021\/04\/flagprint-referenz-rivella-anhaenger-interieur-aluframe-keder-stoffprint-wand-1536x1152.jpg 1536w, https:\/\/flagprint.ch\/wp-content\/uploads\/2021\/04\/flagprint-referenz-rivella-anhaenger-interieur-aluframe-keder-stoffprint-wand-2048x1536.jpg 2048w\" sizes=\"(max-width: 2560px) 100vw, 2560px\" \/><\/a>\n\t\t\t<\/div>\n\t\t\t\t<figcaption class='wp-caption-text gallery-caption' id='gallery-1-13581'>\n\t\t\t\tEvent-Anh\u00e4nger-Interieur f\u00fcr Rivella\n\t\t\t\t<\/figcaption><\/figure>\n\t\t<\/div>\n\t\t<\/div>\n\t\t\t\t\t\t<\/div>\n\t\t\t\t<\/div>\n\t\t\t\t\t<\/div>\n\t\t<\/div>\n\t\t\t\t<div class=\"elementor-column elementor-col-50 elementor-top-column elementor-element elementor-element-8b25f99 fp-single-right\" data-id=\"8b25f99\" data-element_type=\"column\" data-e-type=\"column\">\n\t\t\t<div class=\"elementor-widget-wrap elementor-element-populated\">\n\t\t\t\t\t\t<div class=\"elementor-element elementor-element-029c808 elementor-widget elementor-widget-theme-post-title elementor-page-title elementor-widget-heading\" data-id=\"029c808\" data-element_type=\"widget\" data-e-type=\"widget\" data-widget_type=\"theme-post-title.default\">\n\t\t\t\t<div class=\"elementor-widget-container\">\n\t\t\t\t\t<h1 class=\"elementor-heading-title elementor-size-default\">Int\u00e9rieur de remorque \u00e9v\u00e9nementielle pour Rivella<\/h1>\t\t\t\t<\/div>\n\t\t\t\t<\/div>\n\t\t\t\t<div class=\"elementor-element elementor-element-741e5bf elementor-align-left elementor-widget elementor-widget-post-info\" data-id=\"741e5bf\" data-element_type=\"widget\" data-e-type=\"widget\" data-widget_type=\"post-info.default\">\n\t\t\t\t<div class=\"elementor-widget-container\">\n\t\t\t\t\t\t\t<ul class=\"elementor-inline-items elementor-icon-list-items elementor-post-info\">\n\t\t\t\t\t\t\t\t<li class=\"elementor-icon-list-item elementor-repeater-item-effca5d elementor-inline-item\">\n\t\t\t\t\t\t\t\t\t\t\t\t\t<span class=\"elementor-icon-list-text elementor-post-info__item elementor-post-info__item--type-custom\">\n\t\t\t\t\t\t\t\t\t\t26 juin 2021\t\t\t\t\t<\/span>\n\t\t\t\t\t\t\t\t<\/li>\n\t\t\t\t<li class=\"elementor-icon-list-item elementor-repeater-item-1c5cd4b elementor-inline-item\">\n\t\t\t\t\t\t\t\t\t\t\t\t\t<span class=\"elementor-icon-list-text elementor-post-info__item elementor-post-info__item--type-time\">\n\t\t\t\t\t\t\t<span class=\"elementor-post-info__item-prefix\">|<\/span>\n\t\t\t\t\t\t\t\t\t\t<time>16:48<\/time>\t\t\t\t\t<\/span>\n\t\t\t\t\t\t\t\t<\/li>\n\t\t\t\t<\/ul>\n\t\t\t\t\t\t<\/div>\n\t\t\t\t<\/div>\n\t\t\t\t<div class=\"elementor-element elementor-element-328b748 elementor-widget elementor-widget-text-editor\" data-id=\"328b748\" data-element_type=\"widget\" data-e-type=\"widget\" data-widget_type=\"text-editor.default\">\n\t\t\t\t<div class=\"elementor-widget-container\">\n\t\t\t\t\t\t\t\t\t<p>L&rsquo;action de notre donneur d&rsquo;ordre Rivella SA nous conforte dans l&rsquo;id\u00e9e qu&rsquo;\u00e0 l&rsquo;avenir, des \u00e9v\u00e9nements de petite ou moyenne taille seront \u00e0 nouveau organis\u00e9s.<\/p>\n<p>Dans les Vidmarhallen, nous avons donn\u00e9 un nouvel int\u00e9rieur \u00e0 la remorque \u00e9v\u00e9nementielle Rivella.<\/p>\n<p>Client :<br \/><a href=\"https:\/\/rivella.ch\/de\/\" target=\"_blank\" rel=\"noopener\">Rivella SA<\/a><\/p>\n\t\t\t\t\t\t\t\t<\/div>\n\t\t\t\t<\/div>\n\t\t\t\t<div class=\"elementor-element elementor-element-f2f11d6 elementor-widget elementor-widget-spacer\" data-id=\"f2f11d6\" data-element_type=\"widget\" data-e-type=\"widget\" data-widget_type=\"spacer.default\">\n\t\t\t\t<div class=\"elementor-widget-container\">\n\t\t\t\t\t\t\t<div class=\"elementor-spacer\">\n\t\t\t<div class=\"elementor-spacer-inner\"><\/div>\n\t\t<\/div>\n\t\t\t\t\t\t<\/div>\n\t\t\t\t<\/div>\n\t\t\t\t<div class=\"elementor-element elementor-element-3286d7e elementor-widget elementor-widget-button\" data-id=\"3286d7e\" data-element_type=\"widget\" data-e-type=\"widget\" data-widget_type=\"button.default\">\n\t\t\t\t<div class=\"elementor-widget-container\">\n\t\t\t\t\t\t\t\t\t<div class=\"elementor-button-wrapper\">\n\t\t\t\t\t<a class=\"elementor-button elementor-button-link elementor-size-sm\" href=\"https:\/\/flagprint.ch\/produkte\/aluframe\/\">\n\t\t\t\t\t\t<span class=\"elementor-button-content-wrapper\">\n\t\t\t\t\t\t<span class=\"elementor-button-icon\">\n\t\t\t\t<svg xmlns=\"http:\/\/www.w3.org\/2000\/svg\" viewBox=\"0 0 512 512\"><polygon fill=\"var(--ci-primary-color, currentColor)\" points=\"359.873 121.377 337.246 144.004 433.243 240.001 16 240.001 16 240.002 16 272.001 16 272.002 433.24 272.002 337.246 367.996 359.873 390.623 494.498 256 359.873 121.377\" class=\"ci-primary\"><\/polygon><\/svg>\t\t\t<\/span>\n\t\t\t\t\t\t\t\t\t<span class=\"elementor-button-text\">vers le produit<\/span>\n\t\t\t\t\t<\/span>\n\t\t\t\t\t<\/a>\n\t\t\t\t<\/div>\n\t\t\t\t\t\t\t\t<\/div>\n\t\t\t\t<\/div>\n\t\t\t\t<div class=\"elementor-element elementor-element-4580bb4 elementor-widget elementor-widget-button\" data-id=\"4580bb4\" data-element_type=\"widget\" data-e-type=\"widget\" data-widget_type=\"button.default\">\n\t\t\t\t<div class=\"elementor-widget-container\">\n\t\t\t\t\t\t\t\t\t<div class=\"elementor-button-wrapper\">\n\t\t\t\t\t<a class=\"elementor-button elementor-button-link elementor-size-sm\" href=\"https:\/\/flagprint.ch\/fr\/entreprise\/team\/\">\n\t\t\t\t\t\t<span class=\"elementor-button-content-wrapper\">\n\t\t\t\t\t\t<span class=\"elementor-button-icon\">\n\t\t\t\t<svg xmlns=\"http:\/\/www.w3.org\/2000\/svg\" viewBox=\"0 0 512 512\"><polygon fill=\"var(--ci-primary-color, currentColor)\" points=\"359.873 121.377 337.246 144.004 433.243 240.001 16 240.001 16 240.002 16 272.001 16 272.002 433.24 272.002 337.246 367.996 359.873 390.623 494.498 256 359.873 121.377\" class=\"ci-primary\"><\/polygon><\/svg>\t\t\t<\/span>\n\t\t\t\t\t\t\t\t\t<span class=\"elementor-button-text\">flagprint Team<\/span>\n\t\t\t\t\t<\/span>\n\t\t\t\t\t<\/a>\n\t\t\t\t<\/div>\n\t\t\t\t\t\t\t\t<\/div>\n\t\t\t\t<\/div>\n\t\t\t\t\t<\/div>\n\t\t<\/div>\n\t\t\t\t\t<\/div>\n\t\t<\/section>\n\t\t\t\t<\/div>\n\t\t","protected":false},"excerpt":{"rendered":"<p>Dans les Vidmarhallen, nous avons donn\u00e9 un nouvel int\u00e9rieur \u00e0 la remorque \u00e9v\u00e9nementielle Rivella.<\/p>\n","protected":false},"author":6,"featured_media":13613,"comment_status":"closed","ping_status":"closed","sticky":false,"template":"","format":"standard","meta":{"footnotes":""},"categories":[2481,1219,2489],"tags":[],"class_list":["post-32986","post","type-post","status-publish","format-standard","has-post-thumbnail","hentry","category-tout-fr","category-references","category-exposition-event"],"_links":{"self":[{"href":"https:\/\/flagprint.ch\/fr\/wp-json\/wp\/v2\/posts\/32986","targetHints":{"allow":["GET"]}}],"collection":[{"href":"https:\/\/flagprint.ch\/fr\/wp-json\/wp\/v2\/posts"}],"about":[{"href":"https:\/\/flagprint.ch\/fr\/wp-json\/wp\/v2\/types\/post"}],"author":[{"embeddable":true,"href":"https:\/\/flagprint.ch\/fr\/wp-json\/wp\/v2\/users\/6"}],"replies":[{"embeddable":true,"href":"https:\/\/flagprint.ch\/fr\/wp-json\/wp\/v2\/comments?post=32986"}],"version-history":[{"count":0,"href":"https:\/\/flagprint.ch\/fr\/wp-json\/wp\/v2\/posts\/32986\/revisions"}],"wp:featuredmedia":[{"embeddable":true,"href":"https:\/\/flagprint.ch\/fr\/wp-json\/wp\/v2\/media\/13613"}],"wp:attachment":[{"href":"https:\/\/flagprint.ch\/fr\/wp-json\/wp\/v2\/media?parent=32986"}],"wp:term":[{"taxonomy":"category","embeddable":true,"href":"https:\/\/flagprint.ch\/fr\/wp-json\/wp\/v2\/categories?post=32986"},{"taxonomy":"post_tag","embeddable":true,"href":"https:\/\/flagprint.ch\/fr\/wp-json\/wp\/v2\/tags?post=32986"}],"curies":[{"name":"wp","href":"https:\/\/api.w.org\/{rel}","templated":true}]}}