{"id":32978,"date":"2022-05-09T16:06:35","date_gmt":"2022-05-09T14:06:35","guid":{"rendered":"https:\/\/flagprint.ch\/nouvelles\/communication-dexposition-pour-le-bhm\/"},"modified":"2023-03-01T16:51:31","modified_gmt":"2023-03-01T15:51:31","slug":"communication-dexposition-pour-le-bhm","status":"publish","type":"post","link":"https:\/\/flagprint.ch\/fr\/references\/communication-dexposition-pour-le-bhm\/","title":{"rendered":"Communication d&rsquo;exposition pour le BHM"},"content":{"rendered":"\t\t<div data-elementor-type=\"wp-post\" data-elementor-id=\"32978\" class=\"elementor elementor-32978 elementor-28556\" data-elementor-post-type=\"post\">\n\t\t\t\t\t\t<section class=\"elementor-section elementor-top-section elementor-element elementor-element-f0c4026 elementor-section-full_width elementor-section-height-default elementor-section-height-default\" data-id=\"f0c4026\" data-element_type=\"section\" data-e-type=\"section\">\n\t\t\t\t\t\t<div class=\"elementor-container elementor-column-gap-no\">\n\t\t\t\t\t<div class=\"elementor-column elementor-col-50 elementor-top-column elementor-element elementor-element-90cd48d fp-single-left\" data-id=\"90cd48d\" data-element_type=\"column\" data-e-type=\"column\">\n\t\t\t<div class=\"elementor-widget-wrap elementor-element-populated\">\n\t\t\t\t\t\t<div class=\"elementor-element elementor-element-a318ff2 elementor-widget elementor-widget-video\" data-id=\"a318ff2\" data-element_type=\"widget\" data-e-type=\"widget\" data-settings=\"{&quot;youtube_url&quot;:&quot;https:\\\/\\\/youtu.be\\\/ebZ9dfL0GBY&quot;,&quot;autoplay&quot;:&quot;yes&quot;,&quot;loop&quot;:&quot;yes&quot;,&quot;video_type&quot;:&quot;youtube&quot;,&quot;controls&quot;:&quot;yes&quot;}\" data-widget_type=\"video.default\">\n\t\t\t\t<div class=\"elementor-widget-container\">\n\t\t\t\t\t\t\t<div class=\"elementor-wrapper elementor-open-inline\">\n\t\t\t<div class=\"elementor-video\"><\/div>\t\t<\/div>\n\t\t\t\t\t\t<\/div>\n\t\t\t\t<\/div>\n\t\t\t\t<div class=\"elementor-element elementor-element-5cf0707 fp-product-gallery elementor-widget elementor-widget-image-gallery\" data-id=\"5cf0707\" data-element_type=\"widget\" data-e-type=\"widget\" data-widget_type=\"image-gallery.default\">\n\t\t\t\t<div class=\"elementor-widget-container\">\n\t\t\t\t\t\t\t<div class=\"elementor-image-gallery\">\n\t\t\t<div id='gallery-1' class='gallery galleryid-32978 gallery-columns-3 gallery-size-full'><figure class='gallery-item'>\n\t\t\t<div class='gallery-icon landscape'>\n\t\t\t\t<a  href='https:\/\/flagprint.ch\/wp-content\/uploads\/2022\/05\/IMG_9409.jpg' title=\"Aussenbeflaggung beim Bernischen Historischen Museum\" data-rl_title=\"Aussenbeflaggung beim Bernischen Historischen Museum\" class=\"rl-gallery-link\" data-rl_caption=\"Die Aussenfahnen von flagprint zieren das Bernische Historische Mueseum in Bern\" data-rel=\"fp-lightbox-gallery-1\"><img fetchpriority=\"high\" decoding=\"async\" width=\"1600\" height=\"1200\" src=\"https:\/\/flagprint.ch\/wp-content\/uploads\/2022\/05\/IMG_9409.jpg\" class=\"attachment-full size-full\" alt=\"Ausstellungskommunikation f\u00fcrs BHM\" aria-describedby=\"gallery-1-28582\" srcset=\"https:\/\/flagprint.ch\/wp-content\/uploads\/2022\/05\/IMG_9409.jpg 1600w, https:\/\/flagprint.ch\/wp-content\/uploads\/2022\/05\/IMG_9409-800x600.jpg 800w, https:\/\/flagprint.ch\/wp-content\/uploads\/2022\/05\/IMG_9409-1200x900.jpg 1200w, https:\/\/flagprint.ch\/wp-content\/uploads\/2022\/05\/IMG_9409-400x300.jpg 400w, https:\/\/flagprint.ch\/wp-content\/uploads\/2022\/05\/IMG_9409-768x576.jpg 768w, https:\/\/flagprint.ch\/wp-content\/uploads\/2022\/05\/IMG_9409-1536x1152.jpg 1536w\" sizes=\"(max-width: 1600px) 100vw, 1600px\" \/><\/a>\n\t\t\t<\/div>\n\t\t\t\t<figcaption class='wp-caption-text gallery-caption' id='gallery-1-28582'>\n\t\t\t\tAussenbeflaggung beim Bernischen Historischen Museum\n\t\t\t\t<\/figcaption><\/figure><figure class='gallery-item'>\n\t\t\t<div class='gallery-icon landscape'>\n\t\t\t\t<a  href='https:\/\/flagprint.ch\/wp-content\/uploads\/2022\/05\/IMG_7819.jpg' title=\"Produktion der Stoffbanner\" data-rl_title=\"Produktion der Stoffbanner\" class=\"rl-gallery-link\" data-rl_caption=\"\" data-rel=\"fp-lightbox-gallery-1\"><img decoding=\"async\" width=\"1600\" height=\"1200\" src=\"https:\/\/flagprint.ch\/wp-content\/uploads\/2022\/05\/IMG_7819.jpg\" class=\"attachment-full size-full\" alt=\"Ausstellungskommunikation f\u00fcrs BHM\" aria-describedby=\"gallery-1-28572\" srcset=\"https:\/\/flagprint.ch\/wp-content\/uploads\/2022\/05\/IMG_7819.jpg 1600w, https:\/\/flagprint.ch\/wp-content\/uploads\/2022\/05\/IMG_7819-800x600.jpg 800w, https:\/\/flagprint.ch\/wp-content\/uploads\/2022\/05\/IMG_7819-1200x900.jpg 1200w, https:\/\/flagprint.ch\/wp-content\/uploads\/2022\/05\/IMG_7819-400x300.jpg 400w, https:\/\/flagprint.ch\/wp-content\/uploads\/2022\/05\/IMG_7819-768x576.jpg 768w, https:\/\/flagprint.ch\/wp-content\/uploads\/2022\/05\/IMG_7819-1536x1152.jpg 1536w\" sizes=\"(max-width: 1600px) 100vw, 1600px\" \/><\/a>\n\t\t\t<\/div>\n\t\t\t\t<figcaption class='wp-caption-text gallery-caption' id='gallery-1-28572'>\n\t\t\t\tProduktion der Stoffbanner\n\t\t\t\t<\/figcaption><\/figure><figure class='gallery-item'>\n\t\t\t<div class='gallery-icon landscape'>\n\t\t\t\t<a  href='https:\/\/flagprint.ch\/wp-content\/uploads\/2022\/05\/IMG_7821.jpg' title=\"Produktion der Stoffbanner\" data-rl_title=\"Produktion der Stoffbanner\" class=\"rl-gallery-link\" data-rl_caption=\"Die Banner werden bei flagprint produziert.\" data-rel=\"fp-lightbox-gallery-1\"><img decoding=\"async\" width=\"1600\" height=\"1200\" src=\"https:\/\/flagprint.ch\/wp-content\/uploads\/2022\/05\/IMG_7821.jpg\" class=\"attachment-full size-full\" alt=\"Ausstellungskommunikation f\u00fcrs BHM\" aria-describedby=\"gallery-1-28574\" srcset=\"https:\/\/flagprint.ch\/wp-content\/uploads\/2022\/05\/IMG_7821.jpg 1600w, https:\/\/flagprint.ch\/wp-content\/uploads\/2022\/05\/IMG_7821-800x600.jpg 800w, https:\/\/flagprint.ch\/wp-content\/uploads\/2022\/05\/IMG_7821-1200x900.jpg 1200w, https:\/\/flagprint.ch\/wp-content\/uploads\/2022\/05\/IMG_7821-400x300.jpg 400w, https:\/\/flagprint.ch\/wp-content\/uploads\/2022\/05\/IMG_7821-768x576.jpg 768w, https:\/\/flagprint.ch\/wp-content\/uploads\/2022\/05\/IMG_7821-1536x1152.jpg 1536w\" sizes=\"(max-width: 1600px) 100vw, 1600px\" \/><\/a>\n\t\t\t<\/div>\n\t\t\t\t<figcaption class='wp-caption-text gallery-caption' id='gallery-1-28574'>\n\t\t\t\tProduktion der Stoffbanner\n\t\t\t\t<\/figcaption><\/figure><figure class='gallery-item'>\n\t\t\t<div class='gallery-icon landscape'>\n\t\t\t\t<a  href='https:\/\/flagprint.ch\/wp-content\/uploads\/2022\/05\/IMG_9391.jpg' title=\"Stoffprints bei den Vitrinen der Ausstellung\" data-rl_title=\"Stoffprints bei den Vitrinen der Ausstellung\" class=\"rl-gallery-link\" data-rl_caption=\"Stoffprints bei den Vitrinen der Ausstellung\" data-rel=\"fp-lightbox-gallery-1\"><img loading=\"lazy\" decoding=\"async\" width=\"1600\" height=\"1200\" src=\"https:\/\/flagprint.ch\/wp-content\/uploads\/2022\/05\/IMG_9391.jpg\" class=\"attachment-full size-full\" alt=\"Ausstellungskommunikation f\u00fcrs BHM\" aria-describedby=\"gallery-1-28576\" srcset=\"https:\/\/flagprint.ch\/wp-content\/uploads\/2022\/05\/IMG_9391.jpg 1600w, https:\/\/flagprint.ch\/wp-content\/uploads\/2022\/05\/IMG_9391-800x600.jpg 800w, https:\/\/flagprint.ch\/wp-content\/uploads\/2022\/05\/IMG_9391-1200x900.jpg 1200w, https:\/\/flagprint.ch\/wp-content\/uploads\/2022\/05\/IMG_9391-400x300.jpg 400w, https:\/\/flagprint.ch\/wp-content\/uploads\/2022\/05\/IMG_9391-768x576.jpg 768w, https:\/\/flagprint.ch\/wp-content\/uploads\/2022\/05\/IMG_9391-1536x1152.jpg 1536w\" sizes=\"(max-width: 1600px) 100vw, 1600px\" \/><\/a>\n\t\t\t<\/div>\n\t\t\t\t<figcaption class='wp-caption-text gallery-caption' id='gallery-1-28576'>\n\t\t\t\tStoffprints bei den Vitrinen der Ausstellung\n\t\t\t\t<\/figcaption><\/figure><figure class='gallery-item'>\n\t\t\t<div class='gallery-icon landscape'>\n\t\t\t\t<a  href='https:\/\/flagprint.ch\/wp-content\/uploads\/2022\/05\/IMG_9392.jpg' title=\"Wandpanele an der Decke des Museums\" data-rl_title=\"Wandpanele an der Decke des Museums\" class=\"rl-gallery-link\" data-rl_caption=\"Wandpanele an der Decke des Museums\" data-rel=\"fp-lightbox-gallery-1\"><img loading=\"lazy\" decoding=\"async\" width=\"1600\" height=\"1200\" src=\"https:\/\/flagprint.ch\/wp-content\/uploads\/2022\/05\/IMG_9392.jpg\" class=\"attachment-full size-full\" alt=\"Ausstellungskommunikation f\u00fcrs BHM\" aria-describedby=\"gallery-1-28578\" srcset=\"https:\/\/flagprint.ch\/wp-content\/uploads\/2022\/05\/IMG_9392.jpg 1600w, https:\/\/flagprint.ch\/wp-content\/uploads\/2022\/05\/IMG_9392-800x600.jpg 800w, https:\/\/flagprint.ch\/wp-content\/uploads\/2022\/05\/IMG_9392-1200x900.jpg 1200w, https:\/\/flagprint.ch\/wp-content\/uploads\/2022\/05\/IMG_9392-400x300.jpg 400w, https:\/\/flagprint.ch\/wp-content\/uploads\/2022\/05\/IMG_9392-768x576.jpg 768w, https:\/\/flagprint.ch\/wp-content\/uploads\/2022\/05\/IMG_9392-1536x1152.jpg 1536w\" sizes=\"(max-width: 1600px) 100vw, 1600px\" \/><\/a>\n\t\t\t<\/div>\n\t\t\t\t<figcaption class='wp-caption-text gallery-caption' id='gallery-1-28578'>\n\t\t\t\tWandpanele an der Decke des Museums\n\t\t\t\t<\/figcaption><\/figure><figure class='gallery-item'>\n\t\t\t<div class='gallery-icon landscape'>\n\t\t\t\t<a  href='https:\/\/flagprint.ch\/wp-content\/uploads\/2022\/05\/IMG_9402.jpg' title=\"Innenbeflaggung beim Eingang des Museums\" data-rl_title=\"Innenbeflaggung beim Eingang des Museums\" class=\"rl-gallery-link\" data-rl_caption=\"Innenbeflaggung beim Eingang des Museums\" data-rel=\"fp-lightbox-gallery-1\"><img loading=\"lazy\" decoding=\"async\" width=\"1600\" height=\"1200\" src=\"https:\/\/flagprint.ch\/wp-content\/uploads\/2022\/05\/IMG_9402.jpg\" class=\"attachment-full size-full\" alt=\"Ausstellungskommunikation f\u00fcrs BHM\" aria-describedby=\"gallery-1-28580\" srcset=\"https:\/\/flagprint.ch\/wp-content\/uploads\/2022\/05\/IMG_9402.jpg 1600w, https:\/\/flagprint.ch\/wp-content\/uploads\/2022\/05\/IMG_9402-800x600.jpg 800w, https:\/\/flagprint.ch\/wp-content\/uploads\/2022\/05\/IMG_9402-1200x900.jpg 1200w, https:\/\/flagprint.ch\/wp-content\/uploads\/2022\/05\/IMG_9402-400x300.jpg 400w, https:\/\/flagprint.ch\/wp-content\/uploads\/2022\/05\/IMG_9402-768x576.jpg 768w, https:\/\/flagprint.ch\/wp-content\/uploads\/2022\/05\/IMG_9402-1536x1152.jpg 1536w\" sizes=\"(max-width: 1600px) 100vw, 1600px\" \/><\/a>\n\t\t\t<\/div>\n\t\t\t\t<figcaption class='wp-caption-text gallery-caption' id='gallery-1-28580'>\n\t\t\t\tInnenbeflaggung beim Eingang des Museums\n\t\t\t\t<\/figcaption><\/figure>\n\t\t<\/div>\n\t\t<\/div>\n\t\t\t\t\t\t<\/div>\n\t\t\t\t<\/div>\n\t\t\t\t\t<\/div>\n\t\t<\/div>\n\t\t\t\t<div class=\"elementor-column elementor-col-50 elementor-top-column elementor-element elementor-element-adefdcc fp-single-right\" data-id=\"adefdcc\" data-element_type=\"column\" data-e-type=\"column\">\n\t\t\t<div class=\"elementor-widget-wrap elementor-element-populated\">\n\t\t\t\t\t\t<div class=\"elementor-element elementor-element-a948e0b elementor-widget elementor-widget-theme-post-title elementor-page-title elementor-widget-heading\" data-id=\"a948e0b\" data-element_type=\"widget\" data-e-type=\"widget\" data-widget_type=\"theme-post-title.default\">\n\t\t\t\t<div class=\"elementor-widget-container\">\n\t\t\t\t\t<h1 class=\"elementor-heading-title elementor-size-default\">Communication d&rsquo;exposition pour le BHM<\/h1>\t\t\t\t<\/div>\n\t\t\t\t<\/div>\n\t\t\t\t<div class=\"elementor-element elementor-element-377ad66 elementor-align-left elementor-widget elementor-widget-post-info\" data-id=\"377ad66\" data-element_type=\"widget\" data-e-type=\"widget\" data-widget_type=\"post-info.default\">\n\t\t\t\t<div class=\"elementor-widget-container\">\n\t\t\t\t\t\t\t<ul class=\"elementor-inline-items elementor-icon-list-items elementor-post-info\">\n\t\t\t\t\t\t\t\t<li class=\"elementor-icon-list-item elementor-repeater-item-effca5d elementor-inline-item\">\n\t\t\t\t\t\t\t\t\t\t\t\t\t<span class=\"elementor-icon-list-text elementor-post-info__item elementor-post-info__item--type-custom\">\n\t\t\t\t\t\t\t\t\t\t9 mai 2022\t\t\t\t\t<\/span>\n\t\t\t\t\t\t\t\t<\/li>\n\t\t\t\t<li class=\"elementor-icon-list-item elementor-repeater-item-1c5cd4b elementor-inline-item\">\n\t\t\t\t\t\t\t\t\t\t\t\t\t<span class=\"elementor-icon-list-text elementor-post-info__item elementor-post-info__item--type-time\">\n\t\t\t\t\t\t\t<span class=\"elementor-post-info__item-prefix\">|<\/span>\n\t\t\t\t\t\t\t\t\t\t<time>16:06<\/time>\t\t\t\t\t<\/span>\n\t\t\t\t\t\t\t\t<\/li>\n\t\t\t\t<\/ul>\n\t\t\t\t\t\t<\/div>\n\t\t\t\t<\/div>\n\t\t\t\t<div class=\"elementor-element elementor-element-06c50f3 elementor-widget elementor-widget-text-editor\" data-id=\"06c50f3\" data-element_type=\"widget\" data-e-type=\"widget\" data-widget_type=\"text-editor.default\">\n\t\t\t\t<div class=\"elementor-widget-container\">\n\t\t\t\t\t\t\t\t\t<p>\u00abLe mythe du samoura\u00ef\u00bb &#8211; une autre exposition passionnante du Mus\u00e9e historique de Berne, que nous avons eu le plaisir d&rsquo;accompagner sur le plan publicitaire. Les imprim\u00e9s sur tissu ont \u00e9t\u00e9 produits et mont\u00e9s sur mesure par nos soins. Ils ont \u00e9t\u00e9 utilis\u00e9s de diverses mani\u00e8res et ont servi de<\/p>\n<ul>\n<li>de drapeaux et de banni\u00e8res \u00e0 l&rsquo;ext\u00e9rieur du mus\u00e9e.<\/li>\n<li>Tableaux d&rsquo;information sur les diff\u00e9rentes pi\u00e8ces d&rsquo;exposition<\/li>\n<li>\u00c9l\u00e9ments de d\u00e9coration dans l&rsquo;exposition<\/li>\n<\/ul>\n\t\t\t\t\t\t\t\t<\/div>\n\t\t\t\t<\/div>\n\t\t\t\t<div class=\"elementor-element elementor-element-ff92f59 elementor-widget elementor-widget-spacer\" data-id=\"ff92f59\" data-element_type=\"widget\" data-e-type=\"widget\" data-widget_type=\"spacer.default\">\n\t\t\t\t<div class=\"elementor-widget-container\">\n\t\t\t\t\t\t\t<div class=\"elementor-spacer\">\n\t\t\t<div class=\"elementor-spacer-inner\"><\/div>\n\t\t<\/div>\n\t\t\t\t\t\t<\/div>\n\t\t\t\t<\/div>\n\t\t\t\t<section class=\"elementor-section elementor-inner-section elementor-element elementor-element-64febab elementor-section-boxed elementor-section-height-default elementor-section-height-default\" data-id=\"64febab\" data-element_type=\"section\" data-e-type=\"section\">\n\t\t\t\t\t\t<div class=\"elementor-container elementor-column-gap-default\">\n\t\t\t\t\t<div class=\"elementor-column elementor-col-33 elementor-inner-column elementor-element elementor-element-6f6591e\" data-id=\"6f6591e\" data-element_type=\"column\" data-e-type=\"column\">\n\t\t\t<div class=\"elementor-widget-wrap elementor-element-populated\">\n\t\t\t\t\t\t<div class=\"elementor-element elementor-element-edaadcc elementor-hidden-laptop elementor-hidden-mobile elementor-view-default elementor-widget elementor-widget-icon\" data-id=\"edaadcc\" data-element_type=\"widget\" data-e-type=\"widget\" data-widget_type=\"icon.default\">\n\t\t\t\t<div class=\"elementor-widget-container\">\n\t\t\t\t\t\t\t<div class=\"elementor-icon-wrapper\">\n\t\t\t<div class=\"elementor-icon\">\n\t\t\t<i aria-hidden=\"true\" class=\"fab fa-rocketchat\"><\/i>\t\t\t<\/div>\n\t\t<\/div>\n\t\t\t\t\t\t<\/div>\n\t\t\t\t<\/div>\n\t\t\t\t<div class=\"elementor-element elementor-element-49cfcfe elementor-hidden-widescreen elementor-hidden-desktop elementor-hidden-tablet elementor-hidden-mobile elementor-view-default elementor-widget elementor-widget-icon\" data-id=\"49cfcfe\" data-element_type=\"widget\" data-e-type=\"widget\" data-widget_type=\"icon.default\">\n\t\t\t\t<div class=\"elementor-widget-container\">\n\t\t\t\t\t\t\t<div class=\"elementor-icon-wrapper\">\n\t\t\t<div class=\"elementor-icon\">\n\t\t\t<i aria-hidden=\"true\" class=\"fab fa-rocketchat\"><\/i>\t\t\t<\/div>\n\t\t<\/div>\n\t\t\t\t\t\t<\/div>\n\t\t\t\t<\/div>\n\t\t\t\t\t<\/div>\n\t\t<\/div>\n\t\t\t\t<div class=\"elementor-column elementor-col-66 elementor-inner-column elementor-element elementor-element-b39a9d7\" data-id=\"b39a9d7\" data-element_type=\"column\" data-e-type=\"column\">\n\t\t\t<div class=\"elementor-widget-wrap elementor-element-populated\">\n\t\t\t\t\t\t<div class=\"elementor-element elementor-element-c04499c elementor-hidden-laptop elementor-hidden-tablet elementor-hidden-mobile elementor-widget elementor-widget-heading\" data-id=\"c04499c\" data-element_type=\"widget\" data-e-type=\"widget\" data-widget_type=\"heading.default\">\n\t\t\t\t<div class=\"elementor-widget-container\">\n\t\t\t\t\t<h2 class=\"elementor-heading-title elementor-size-default\">Entretien avec Anna-Perina Godenzi<\/h2>\t\t\t\t<\/div>\n\t\t\t\t<\/div>\n\t\t\t\t<div class=\"elementor-element elementor-element-3f75e7e elementor-hidden-widescreen elementor-hidden-desktop elementor-hidden-tablet elementor-hidden-mobile elementor-widget elementor-widget-heading\" data-id=\"3f75e7e\" data-element_type=\"widget\" data-e-type=\"widget\" data-widget_type=\"heading.default\">\n\t\t\t\t<div class=\"elementor-widget-container\">\n\t\t\t\t\t<h2 class=\"elementor-heading-title elementor-size-default\">Interview avec Anna-Perina Godenzi<\/h2>\t\t\t\t<\/div>\n\t\t\t\t<\/div>\n\t\t\t\t\t<\/div>\n\t\t<\/div>\n\t\t\t\t\t<\/div>\n\t\t<\/section>\n\t\t\t\t<div class=\"elementor-element elementor-element-5c9230c elementor-hidden-widescreen elementor-hidden-desktop elementor-hidden-laptop elementor-view-default elementor-widget elementor-widget-icon\" data-id=\"5c9230c\" data-element_type=\"widget\" data-e-type=\"widget\" data-widget_type=\"icon.default\">\n\t\t\t\t<div class=\"elementor-widget-container\">\n\t\t\t\t\t\t\t<div class=\"elementor-icon-wrapper\">\n\t\t\t<div class=\"elementor-icon\">\n\t\t\t<i aria-hidden=\"true\" class=\"fab fa-rocketchat\"><\/i>\t\t\t<\/div>\n\t\t<\/div>\n\t\t\t\t\t\t<\/div>\n\t\t\t\t<\/div>\n\t\t\t\t<div class=\"elementor-element elementor-element-96a9f8d elementor-hidden-widescreen elementor-hidden-desktop elementor-hidden-laptop elementor-widget elementor-widget-heading\" data-id=\"96a9f8d\" data-element_type=\"widget\" data-e-type=\"widget\" data-widget_type=\"heading.default\">\n\t\t\t\t<div class=\"elementor-widget-container\">\n\t\t\t\t\t<h2 class=\"elementor-heading-title elementor-size-default\">Interview avec Anna-Perina Godenz<\/h2>\t\t\t\t<\/div>\n\t\t\t\t<\/div>\n\t\t\t\t<div class=\"elementor-element elementor-element-92cc101 elementor-widget elementor-widget-text-editor\" data-id=\"92cc101\" data-element_type=\"widget\" data-e-type=\"widget\" data-widget_type=\"text-editor.default\">\n\t\t\t\t<div class=\"elementor-widget-container\">\n\t\t\t\t\t\t\t\t\t<p><strong>flagprint : Pour la communication de l&rsquo;exposition \u00abLe mythe du samoura\u00ef\u00bb, vous avez mis\u00e9 sur diff\u00e9rents \u00e9l\u00e9ments textiles publicitaires, d&rsquo;information et de d\u00e9coration. Quel est l&rsquo;avantage de ces supports textiles par rapport aux autres ?<\/strong><\/p>\n\t\t\t\t\t\t\t\t<\/div>\n\t\t\t\t<\/div>\n\t\t\t\t<div class=\"elementor-element elementor-element-3f46fe4 elementor-widget elementor-widget-text-editor\" data-id=\"3f46fe4\" data-element_type=\"widget\" data-e-type=\"widget\" data-widget_type=\"text-editor.default\">\n\t\t\t\t<div class=\"elementor-widget-container\">\n\t\t\t\t\t\t\t\t\t<p>A.G : Les supports textiles sont faciles \u00e0 installer et constituent un \u00e9l\u00e9ment sc\u00e9nographique captivant qui se d\u00e9marque.<\/p>\n\t\t\t\t\t\t\t\t<\/div>\n\t\t\t\t<\/div>\n\t\t\t\t<div class=\"elementor-element elementor-element-e39350c elementor-widget elementor-widget-text-editor\" data-id=\"e39350c\" data-element_type=\"widget\" data-e-type=\"widget\" data-widget_type=\"text-editor.default\">\n\t\t\t\t<div class=\"elementor-widget-container\">\n\t\t\t\t\t\t\t\t\t<p><strong>flagprint: <\/strong><strong>Le BHM collabore depuis longtemps avec flagprint sa. Qu&rsquo;est-ce qui caract\u00e9rise cette collaboration ?<\/strong><\/p>\n\t\t\t\t\t\t\t\t<\/div>\n\t\t\t\t<\/div>\n\t\t\t\t<div class=\"elementor-element elementor-element-0bde40a elementor-widget elementor-widget-text-editor\" data-id=\"0bde40a\" data-element_type=\"widget\" data-e-type=\"widget\" data-widget_type=\"text-editor.default\">\n\t\t\t\t<div class=\"elementor-widget-container\">\n\t\t\t\t\t\t\t\t\t<p>A.G : La collaboration avec flagprint se caract\u00e9rise par sa transparence et sa rapidit\u00e9.<\/span><\/p>\n\t\t\t\t\t\t\t\t<\/div>\n\t\t\t\t<\/div>\n\t\t\t\t<div class=\"elementor-element elementor-element-1298dce elementor-widget elementor-widget-text-editor\" data-id=\"1298dce\" data-element_type=\"widget\" data-e-type=\"widget\" data-widget_type=\"text-editor.default\">\n\t\t\t\t<div class=\"elementor-widget-container\">\n\t\t\t\t\t\t\t\t\t<p><strong>flagprint : Quel est le sujet de la prochaine exposition pr\u00e9vue au Mus\u00e9e historique de Berne ?<\/strong><\/p>\n\t\t\t\t\t\t\t\t<\/div>\n\t\t\t\t<\/div>\n\t\t\t\t<div class=\"elementor-element elementor-element-8a308ca elementor-widget elementor-widget-text-editor\" data-id=\"8a308ca\" data-element_type=\"widget\" data-e-type=\"widget\" data-widget_type=\"text-editor.default\">\n\t\t\t\t<div class=\"elementor-widget-container\">\n\t\t\t\t\t\t\t\t\t<p>A.G : Les prochaines expositions au Mus\u00e9e historique de Berne sont Swiss Press Photo, No\u00ebl autour du monde, l&rsquo;extase, Le monde en bronze (tous des titres de travail).<\/p>\n\t\t\t\t\t\t\t\t<\/div>\n\t\t\t\t<\/div>\n\t\t\t\t<div class=\"elementor-element elementor-element-49865cf elementor-widget elementor-widget-button\" data-id=\"49865cf\" data-element_type=\"widget\" data-e-type=\"widget\" data-widget_type=\"button.default\">\n\t\t\t\t<div class=\"elementor-widget-container\">\n\t\t\t\t\t\t\t\t\t<div class=\"elementor-button-wrapper\">\n\t\t\t\t\t<a class=\"elementor-button elementor-button-link elementor-size-sm\" href=\"https:\/\/flagprint.ch\/fr\/produits\/\">\n\t\t\t\t\t\t<span class=\"elementor-button-content-wrapper\">\n\t\t\t\t\t\t<span class=\"elementor-button-icon\">\n\t\t\t\t<svg xmlns=\"http:\/\/www.w3.org\/2000\/svg\" viewBox=\"0 0 512 512\"><polygon fill=\"var(--ci-primary-color, currentColor)\" points=\"359.873 121.377 337.246 144.004 433.243 240.001 16 240.001 16 240.002 16 272.001 16 272.002 433.24 272.002 337.246 367.996 359.873 390.623 494.498 256 359.873 121.377\" class=\"ci-primary\"><\/polygon><\/svg>\t\t\t<\/span>\n\t\t\t\t\t\t\t\t\t<span class=\"elementor-button-text\">Vers les produits<\/span>\n\t\t\t\t\t<\/span>\n\t\t\t\t\t<\/a>\n\t\t\t\t<\/div>\n\t\t\t\t\t\t\t\t<\/div>\n\t\t\t\t<\/div>\n\t\t\t\t<div class=\"elementor-element elementor-element-84a28bf elementor-widget elementor-widget-button\" data-id=\"84a28bf\" data-element_type=\"widget\" data-e-type=\"widget\" data-widget_type=\"button.default\">\n\t\t\t\t<div class=\"elementor-widget-container\">\n\t\t\t\t\t\t\t\t\t<div class=\"elementor-button-wrapper\">\n\t\t\t\t\t<a class=\"elementor-button elementor-button-link elementor-size-sm\" href=\"https:\/\/flagprint.ch\/fr\/entreprise\/team\/\">\n\t\t\t\t\t\t<span class=\"elementor-button-content-wrapper\">\n\t\t\t\t\t\t<span class=\"elementor-button-icon\">\n\t\t\t\t<svg xmlns=\"http:\/\/www.w3.org\/2000\/svg\" viewBox=\"0 0 512 512\"><polygon fill=\"var(--ci-primary-color, currentColor)\" points=\"359.873 121.377 337.246 144.004 433.243 240.001 16 240.001 16 240.002 16 272.001 16 272.002 433.24 272.002 337.246 367.996 359.873 390.623 494.498 256 359.873 121.377\" class=\"ci-primary\"><\/polygon><\/svg>\t\t\t<\/span>\n\t\t\t\t\t\t\t\t\t<span class=\"elementor-button-text\">flagprint Team<\/span>\n\t\t\t\t\t<\/span>\n\t\t\t\t\t<\/a>\n\t\t\t\t<\/div>\n\t\t\t\t\t\t\t\t<\/div>\n\t\t\t\t<\/div>\n\t\t\t\t\t<\/div>\n\t\t<\/div>\n\t\t\t\t\t<\/div>\n\t\t<\/section>\n\t\t\t\t<\/div>\n\t\t","protected":false},"excerpt":{"rendered":"<p>\u00abLe mythe du samoura\u00ef\u00bb &#8211; une autre exposition passionnante du Mus\u00e9e historique de Berne, que nous avons eu le plaisir d&rsquo;accompagner en termes de communication. Les imprim\u00e9s sur tissu ont \u00e9t\u00e9 produits et mont\u00e9s sur mesure par nos soins.<\/p>\n","protected":false},"author":12,"featured_media":28568,"comment_status":"closed","ping_status":"closed","sticky":false,"template":"","format":"standard","meta":{"footnotes":""},"categories":[2481,1219,2487,2486,2489,2490],"tags":[],"class_list":["post-32978","post","type-post","status-publish","format-standard","has-post-thumbnail","hentry","category-tout-fr","category-references","category-drapeaux","category-systemes-daffichage","category-exposition-event","category-interieur"],"_links":{"self":[{"href":"https:\/\/flagprint.ch\/fr\/wp-json\/wp\/v2\/posts\/32978","targetHints":{"allow":["GET"]}}],"collection":[{"href":"https:\/\/flagprint.ch\/fr\/wp-json\/wp\/v2\/posts"}],"about":[{"href":"https:\/\/flagprint.ch\/fr\/wp-json\/wp\/v2\/types\/post"}],"author":[{"embeddable":true,"href":"https:\/\/flagprint.ch\/fr\/wp-json\/wp\/v2\/users\/12"}],"replies":[{"embeddable":true,"href":"https:\/\/flagprint.ch\/fr\/wp-json\/wp\/v2\/comments?post=32978"}],"version-history":[{"count":0,"href":"https:\/\/flagprint.ch\/fr\/wp-json\/wp\/v2\/posts\/32978\/revisions"}],"wp:featuredmedia":[{"embeddable":true,"href":"https:\/\/flagprint.ch\/fr\/wp-json\/wp\/v2\/media\/28568"}],"wp:attachment":[{"href":"https:\/\/flagprint.ch\/fr\/wp-json\/wp\/v2\/media?parent=32978"}],"wp:term":[{"taxonomy":"category","embeddable":true,"href":"https:\/\/flagprint.ch\/fr\/wp-json\/wp\/v2\/categories?post=32978"},{"taxonomy":"post_tag","embeddable":true,"href":"https:\/\/flagprint.ch\/fr\/wp-json\/wp\/v2\/tags?post=32978"}],"curies":[{"name":"wp","href":"https:\/\/api.w.org\/{rel}","templated":true}]}}