{"id":32865,"date":"2023-03-01T15:52:20","date_gmt":"2023-03-01T14:52:20","guid":{"rendered":"https:\/\/flagprint.ch\/?p=32865"},"modified":"2023-03-08T10:45:42","modified_gmt":"2023-03-08T09:45:42","slug":"nouveaux-imprimes-sur-tissu-pour-un-evenement-extravagant","status":"publish","type":"post","link":"https:\/\/flagprint.ch\/fr\/references\/nouveaux-imprimes-sur-tissu-pour-un-evenement-extravagant\/","title":{"rendered":"Nouveaux imprim\u00e9s sur tissu pour un \u00e9v\u00e9nement extravagant"},"content":{"rendered":"\t\t<div data-elementor-type=\"wp-post\" data-elementor-id=\"32865\" class=\"elementor elementor-32865 elementor-32864\" data-elementor-post-type=\"post\">\n\t\t\t\t\t\t<section class=\"elementor-section elementor-top-section elementor-element elementor-element-f0c4026 elementor-section-full_width elementor-section-height-default elementor-section-height-default\" data-id=\"f0c4026\" data-element_type=\"section\" data-e-type=\"section\">\n\t\t\t\t\t\t<div class=\"elementor-container elementor-column-gap-no\">\n\t\t\t\t\t<div class=\"elementor-column elementor-col-50 elementor-top-column elementor-element elementor-element-90cd48d fp-single-left\" data-id=\"90cd48d\" data-element_type=\"column\" data-e-type=\"column\">\n\t\t\t<div class=\"elementor-widget-wrap elementor-element-populated\">\n\t\t\t\t\t\t<div class=\"elementor-element elementor-element-5cf0707 fp-product-gallery elementor-widget elementor-widget-image-gallery\" data-id=\"5cf0707\" data-element_type=\"widget\" data-e-type=\"widget\" data-widget_type=\"image-gallery.default\">\n\t\t\t\t<div class=\"elementor-widget-container\">\n\t\t\t\t\t\t\t<div class=\"elementor-image-gallery\">\n\t\t\t<div id='gallery-1' class='gallery galleryid-32865 gallery-columns-3 gallery-size-full'><figure class='gallery-item'>\n\t\t\t<div class='gallery-icon landscape'>\n\t\t\t\t<a  href='https:\/\/flagprint.ch\/wp-content\/uploads\/2023\/02\/foto_005.jpg' title=\"Le caisson lumineux\u00e0 la premi\u00e8re suisse d&#039;Audi\" data-rl_title=\"Le caisson lumineux\u00e0 la premi\u00e8re suisse d&#039;Audi\" class=\"rl-gallery-link\" data-rl_caption=\"\" data-rel=\"fp-lightbox-gallery-1\"><img fetchpriority=\"high\" width=\"2000\" height=\"1334\" src=\"https:\/\/flagprint.ch\/wp-content\/uploads\/2023\/02\/foto_005.jpg\" class=\"attachment-full size-full\" alt=\"\" aria-describedby=\"gallery-1-32846\" decoding=\"async\" srcset=\"https:\/\/flagprint.ch\/wp-content\/uploads\/2023\/02\/foto_005.jpg 2000w, https:\/\/flagprint.ch\/wp-content\/uploads\/2023\/02\/foto_005-800x534.jpg 800w, https:\/\/flagprint.ch\/wp-content\/uploads\/2023\/02\/foto_005-1200x800.jpg 1200w, https:\/\/flagprint.ch\/wp-content\/uploads\/2023\/02\/foto_005-400x267.jpg 400w, https:\/\/flagprint.ch\/wp-content\/uploads\/2023\/02\/foto_005-768x512.jpg 768w, https:\/\/flagprint.ch\/wp-content\/uploads\/2023\/02\/foto_005-1536x1025.jpg 1536w\" sizes=\"(max-width: 2000px) 100vw, 2000px\"><\/a>\n\t\t\t<\/div>\n\t\t\t\t<figcaption class='wp-caption-text gallery-caption' id='gallery-1-32846'>\n\t\t\t\tLe caisson lumineux\u00e0 la premi\u00e8re suisse d&rsquo;Audi\n\t\t\t\t<\/figcaption><\/figure><figure class='gallery-item'>\n\t\t\t<div class='gallery-icon landscape'>\n\t\t\t\t<a  href='https:\/\/flagprint.ch\/wp-content\/uploads\/2023\/02\/foto_013.jpg' title=\"Le caisson lumineux\u00e0 la premi\u00e8re suisse d&#039;Audi\" data-rl_title=\"Le caisson lumineux\u00e0 la premi\u00e8re suisse d&#039;Audi\" class=\"rl-gallery-link\" data-rl_caption=\"\" data-rel=\"fp-lightbox-gallery-1\"><img width=\"2000\" height=\"1334\" src=\"https:\/\/flagprint.ch\/wp-content\/uploads\/2023\/02\/foto_013.jpg\" class=\"attachment-full size-full\" alt=\"\" aria-describedby=\"gallery-1-32848\" decoding=\"async\" srcset=\"https:\/\/flagprint.ch\/wp-content\/uploads\/2023\/02\/foto_013.jpg 2000w, https:\/\/flagprint.ch\/wp-content\/uploads\/2023\/02\/foto_013-800x534.jpg 800w, https:\/\/flagprint.ch\/wp-content\/uploads\/2023\/02\/foto_013-1200x800.jpg 1200w, https:\/\/flagprint.ch\/wp-content\/uploads\/2023\/02\/foto_013-400x267.jpg 400w, https:\/\/flagprint.ch\/wp-content\/uploads\/2023\/02\/foto_013-768x512.jpg 768w, https:\/\/flagprint.ch\/wp-content\/uploads\/2023\/02\/foto_013-1536x1025.jpg 1536w\" sizes=\"(max-width: 2000px) 100vw, 2000px\"><\/a>\n\t\t\t<\/div>\n\t\t\t\t<figcaption class='wp-caption-text gallery-caption' id='gallery-1-32848'>\n\t\t\t\tLe caisson lumineux\u00e0 la premi\u00e8re suisse d&rsquo;Audi\n\t\t\t\t<\/figcaption><\/figure><figure class='gallery-item'>\n\t\t\t<div class='gallery-icon landscape'>\n\t\t\t\t<a  href='https:\/\/flagprint.ch\/wp-content\/uploads\/2023\/02\/foto_006.jpg' title=\"lightframe \u00e0 la premi\u00e8re suisse d&#039;Audi\" data-rl_title=\"lightframe \u00e0 la premi\u00e8re suisse d&#039;Audi\" class=\"rl-gallery-link\" data-rl_caption=\"\" data-rel=\"fp-lightbox-gallery-1\"><img width=\"2000\" height=\"1334\" src=\"https:\/\/flagprint.ch\/wp-content\/uploads\/2023\/02\/foto_006.jpg\" class=\"attachment-full size-full\" alt=\"\" aria-describedby=\"gallery-1-32855\" decoding=\"async\" srcset=\"https:\/\/flagprint.ch\/wp-content\/uploads\/2023\/02\/foto_006.jpg 2000w, https:\/\/flagprint.ch\/wp-content\/uploads\/2023\/02\/foto_006-800x534.jpg 800w, https:\/\/flagprint.ch\/wp-content\/uploads\/2023\/02\/foto_006-1200x800.jpg 1200w, https:\/\/flagprint.ch\/wp-content\/uploads\/2023\/02\/foto_006-400x267.jpg 400w, https:\/\/flagprint.ch\/wp-content\/uploads\/2023\/02\/foto_006-768x512.jpg 768w, https:\/\/flagprint.ch\/wp-content\/uploads\/2023\/02\/foto_006-1536x1025.jpg 1536w\" sizes=\"(max-width: 2000px) 100vw, 2000px\"><\/a>\n\t\t\t<\/div>\n\t\t\t\t<figcaption class='wp-caption-text gallery-caption' id='gallery-1-32855'>\n\t\t\t\tlightframe \u00e0 la premi\u00e8re suisse d&rsquo;Audi\n\t\t\t\t<\/figcaption><\/figure><figure class='gallery-item'>\n\t\t\t<div class='gallery-icon landscape'>\n\t\t\t\t<a  href='https:\/\/flagprint.ch\/wp-content\/uploads\/2023\/02\/foto_007.jpg' title=\"lightframe \u00e0 la premi\u00e8re suisse d&#039;Audi\" data-rl_title=\"lightframe \u00e0 la premi\u00e8re suisse d&#039;Audi\" class=\"rl-gallery-link\" data-rl_caption=\"\" data-rel=\"fp-lightbox-gallery-1\"><img loading=\"lazy\" width=\"2000\" height=\"1334\" src=\"https:\/\/flagprint.ch\/wp-content\/uploads\/2023\/02\/foto_007.jpg\" class=\"attachment-full size-full\" alt=\"\" aria-describedby=\"gallery-1-32857\" decoding=\"async\" srcset=\"https:\/\/flagprint.ch\/wp-content\/uploads\/2023\/02\/foto_007.jpg 2000w, https:\/\/flagprint.ch\/wp-content\/uploads\/2023\/02\/foto_007-800x534.jpg 800w, https:\/\/flagprint.ch\/wp-content\/uploads\/2023\/02\/foto_007-1200x800.jpg 1200w, https:\/\/flagprint.ch\/wp-content\/uploads\/2023\/02\/foto_007-400x267.jpg 400w, https:\/\/flagprint.ch\/wp-content\/uploads\/2023\/02\/foto_007-768x512.jpg 768w, https:\/\/flagprint.ch\/wp-content\/uploads\/2023\/02\/foto_007-1536x1025.jpg 1536w\" sizes=\"(max-width: 2000px) 100vw, 2000px\"><\/a>\n\t\t\t<\/div>\n\t\t\t\t<figcaption class='wp-caption-text gallery-caption' id='gallery-1-32857'>\n\t\t\t\tlightframe \u00e0 la premi\u00e8re suisse d&rsquo;Audi\n\t\t\t\t<\/figcaption><\/figure><figure class='gallery-item'>\n\t\t\t<div class='gallery-icon landscape'>\n\t\t\t\t<a  href='https:\/\/flagprint.ch\/wp-content\/uploads\/2023\/02\/foto_010.jpg' title=\"lightframe \u00e0 la premi\u00e8re suisse d&#039;Audi\" data-rl_title=\"lightframe \u00e0 la premi\u00e8re suisse d&#039;Audi\" class=\"rl-gallery-link\" data-rl_caption=\"lightframe an der Schweizer Audi Premiere\" data-rel=\"fp-lightbox-gallery-1\"><img loading=\"lazy\" width=\"2000\" height=\"1334\" src=\"https:\/\/flagprint.ch\/wp-content\/uploads\/2023\/02\/foto_010.jpg\" class=\"attachment-full size-full\" alt=\"\" aria-describedby=\"gallery-1-32859\" decoding=\"async\" srcset=\"https:\/\/flagprint.ch\/wp-content\/uploads\/2023\/02\/foto_010.jpg 2000w, https:\/\/flagprint.ch\/wp-content\/uploads\/2023\/02\/foto_010-800x534.jpg 800w, https:\/\/flagprint.ch\/wp-content\/uploads\/2023\/02\/foto_010-1200x800.jpg 1200w, https:\/\/flagprint.ch\/wp-content\/uploads\/2023\/02\/foto_010-400x267.jpg 400w, https:\/\/flagprint.ch\/wp-content\/uploads\/2023\/02\/foto_010-768x512.jpg 768w, https:\/\/flagprint.ch\/wp-content\/uploads\/2023\/02\/foto_010-1536x1025.jpg 1536w\" sizes=\"(max-width: 2000px) 100vw, 2000px\"><\/a>\n\t\t\t<\/div>\n\t\t\t\t<figcaption class='wp-caption-text gallery-caption' id='gallery-1-32859'>\n\t\t\t\tlightframe \u00e0 la premi\u00e8re suisse d&rsquo;Audi\n\t\t\t\t<\/figcaption><\/figure>\n\t\t<\/div>\n\t\t<\/div>\n\t\t\t\t\t\t<\/div>\n\t\t\t\t<\/div>\n\t\t\t\t\t<\/div>\n\t\t<\/div>\n\t\t\t\t<div class=\"elementor-column elementor-col-50 elementor-top-column elementor-element elementor-element-adefdcc fp-single-right\" data-id=\"adefdcc\" data-element_type=\"column\" data-e-type=\"column\">\n\t\t\t<div class=\"elementor-widget-wrap elementor-element-populated\">\n\t\t\t\t\t\t<div class=\"elementor-element elementor-element-a948e0b elementor-widget elementor-widget-theme-post-title elementor-page-title elementor-widget-heading\" data-id=\"a948e0b\" data-element_type=\"widget\" data-e-type=\"widget\" data-widget_type=\"theme-post-title.default\">\n\t\t\t\t<div class=\"elementor-widget-container\">\n\t\t\t\t\t<h1 class=\"elementor-heading-title elementor-size-default\">Nouveaux imprim\u00e9s sur tissu pour un \u00e9v\u00e9nement extravagant<\/h1>\t\t\t\t<\/div>\n\t\t\t\t<\/div>\n\t\t\t\t<div class=\"elementor-element elementor-element-377ad66 elementor-align-left elementor-widget elementor-widget-post-info\" data-id=\"377ad66\" data-element_type=\"widget\" data-e-type=\"widget\" data-widget_type=\"post-info.default\">\n\t\t\t\t<div class=\"elementor-widget-container\">\n\t\t\t\t\t\t\t<ul class=\"elementor-inline-items elementor-icon-list-items elementor-post-info\">\n\t\t\t\t\t\t\t\t<li class=\"elementor-icon-list-item elementor-repeater-item-effca5d elementor-inline-item\">\n\t\t\t\t\t\t\t\t\t\t\t\t\t<span class=\"elementor-icon-list-text elementor-post-info__item elementor-post-info__item--type-custom\">\n\t\t\t\t\t\t\t\t\t\t1 mars 2023\t\t\t\t\t<\/span>\n\t\t\t\t\t\t\t\t<\/li>\n\t\t\t\t<li class=\"elementor-icon-list-item elementor-repeater-item-1c5cd4b elementor-inline-item\">\n\t\t\t\t\t\t\t\t\t\t\t\t\t<span class=\"elementor-icon-list-text elementor-post-info__item elementor-post-info__item--type-time\">\n\t\t\t\t\t\t\t<span class=\"elementor-post-info__item-prefix\">|<\/span>\n\t\t\t\t\t\t\t\t\t\t<time>15:52<\/time>\t\t\t\t\t<\/span>\n\t\t\t\t\t\t\t\t<\/li>\n\t\t\t\t<\/ul>\n\t\t\t\t\t\t<\/div>\n\t\t\t\t<\/div>\n\t\t\t\t<div class=\"elementor-element elementor-element-06c50f3 elementor-widget elementor-widget-text-editor\" data-id=\"06c50f3\" data-element_type=\"widget\" data-e-type=\"widget\" data-widget_type=\"text-editor.default\">\n\t\t\t\t<div class=\"elementor-widget-container\">\n\t\t\t\t\t\t\t\t\t<p>Nouveaux imprim\u00e9s sur tissu pour un \u00e9v\u00e9nement extravagant<\/p>\n<p>AUDI a c\u00e9l\u00e9br\u00e9 \u00e0 Andermatt la premi\u00e8re suisse de l&rsquo;Audi activeshpere concept &#8211; le coup\u00e9 crossover \u00e0 motorisation \u00e9lectrique. Une combinaison de SUV, de coup\u00e9 et d&rsquo;un pick-up avec des ambitions tout-terrain.<\/p>\n<p>Nous avons pu soutenir notre client <a href=\"https:\/\/www.amag.ch\/de.html\" target=\"_blank\" rel=\"noopener\">Amag<\/a> dans sa communication \u00e9v\u00e9nementielle sous la forme de nouvelles impressions sur tissu pour les caissons lumineux existants \u00ablightframes\u00bb. Nous pensons que le r\u00e9sultat est impressionnant !<\/p>\n<p>Un grand merci \u00e0 Fabian Koch pour cette magnifique commande. <\/p>\t\t\t\t\t\t\t\t<\/div>\n\t\t\t\t<\/div>\n\t\t\t\t<div class=\"elementor-element elementor-element-ff92f59 elementor-widget elementor-widget-spacer\" data-id=\"ff92f59\" data-element_type=\"widget\" data-e-type=\"widget\" data-widget_type=\"spacer.default\">\n\t\t\t\t<div class=\"elementor-widget-container\">\n\t\t\t\t\t\t\t<div class=\"elementor-spacer\">\n\t\t\t<div class=\"elementor-spacer-inner\"><\/div>\n\t\t<\/div>\n\t\t\t\t\t\t<\/div>\n\t\t\t\t<\/div>\n\t\t\t\t<div class=\"elementor-element elementor-element-49865cf elementor-widget elementor-widget-button\" data-id=\"49865cf\" data-element_type=\"widget\" data-e-type=\"widget\" data-widget_type=\"button.default\">\n\t\t\t\t<div class=\"elementor-widget-container\">\n\t\t\t\t\t\t\t\t\t<div class=\"elementor-button-wrapper\">\n\t\t\t\t\t<a class=\"elementor-button elementor-button-link elementor-size-sm\" href=\"https:\/\/flagprint.ch\/fr\/produits\/#filter=.produkt_filter-politische-kampagnen\">\n\t\t\t\t\t\t<span class=\"elementor-button-content-wrapper\">\n\t\t\t\t\t\t<span class=\"elementor-button-icon\">\n\t\t\t\t<svg xmlns=\"http:\/\/www.w3.org\/2000\/svg\" viewBox=\"0 0 512 512\"><polygon fill=\"var(--ci-primary-color, currentColor)\" points=\"359.873 121.377 337.246 144.004 433.243 240.001 16 240.001 16 240.002 16 272.001 16 272.002 433.24 272.002 337.246 367.996 359.873 390.623 494.498 256 359.873 121.377\" class=\"ci-primary\"><\/polygon><\/svg>\t\t\t<\/span>\n\t\t\t\t\t\t\t\t\t<span class=\"elementor-button-text\">Vers les produits<\/span>\n\t\t\t\t\t<\/span>\n\t\t\t\t\t<\/a>\n\t\t\t\t<\/div>\n\t\t\t\t\t\t\t\t<\/div>\n\t\t\t\t<\/div>\n\t\t\t\t<div class=\"elementor-element elementor-element-84a28bf elementor-widget elementor-widget-button\" data-id=\"84a28bf\" data-element_type=\"widget\" data-e-type=\"widget\" data-widget_type=\"button.default\">\n\t\t\t\t<div class=\"elementor-widget-container\">\n\t\t\t\t\t\t\t\t\t<div class=\"elementor-button-wrapper\">\n\t\t\t\t\t<a class=\"elementor-button elementor-button-link elementor-size-sm\" href=\"https:\/\/flagprint.ch\/fr\/entreprise\/team\/\">\n\t\t\t\t\t\t<span class=\"elementor-button-content-wrapper\">\n\t\t\t\t\t\t<span class=\"elementor-button-icon\">\n\t\t\t\t<svg xmlns=\"http:\/\/www.w3.org\/2000\/svg\" viewBox=\"0 0 512 512\"><polygon fill=\"var(--ci-primary-color, currentColor)\" points=\"359.873 121.377 337.246 144.004 433.243 240.001 16 240.001 16 240.002 16 272.001 16 272.002 433.24 272.002 337.246 367.996 359.873 390.623 494.498 256 359.873 121.377\" class=\"ci-primary\"><\/polygon><\/svg>\t\t\t<\/span>\n\t\t\t\t\t\t\t\t\t<span class=\"elementor-button-text\">flagprint Team<\/span>\n\t\t\t\t\t<\/span>\n\t\t\t\t\t<\/a>\n\t\t\t\t<\/div>\n\t\t\t\t\t\t\t\t<\/div>\n\t\t\t\t<\/div>\n\t\t\t\t\t<\/div>\n\t\t<\/div>\n\t\t\t\t\t<\/div>\n\t\t<\/section>\n\t\t\t\t<\/div>\n\t\t","protected":false},"excerpt":{"rendered":"<p>Nouveaux imprim\u00e9s sur tissu pour les lightframes existants, utilis\u00e9s lors de la premi\u00e8re suisse de l&rsquo;Audi activesphere concept.<\/p>\n","protected":false},"author":12,"featured_media":32868,"comment_status":"closed","ping_status":"closed","sticky":false,"template":"","format":"standard","meta":{"footnotes":""},"categories":[3354,2481,1219,2489,2491],"tags":[],"class_list":["post-32865","post","type-post","status-publish","format-standard","has-post-thumbnail","hentry","category-affichages-lumineux","category-tout-fr","category-references","category-exposition-event","category-point-de-vente"],"_links":{"self":[{"href":"https:\/\/flagprint.ch\/fr\/wp-json\/wp\/v2\/posts\/32865","targetHints":{"allow":["GET"]}}],"collection":[{"href":"https:\/\/flagprint.ch\/fr\/wp-json\/wp\/v2\/posts"}],"about":[{"href":"https:\/\/flagprint.ch\/fr\/wp-json\/wp\/v2\/types\/post"}],"author":[{"embeddable":true,"href":"https:\/\/flagprint.ch\/fr\/wp-json\/wp\/v2\/users\/12"}],"replies":[{"embeddable":true,"href":"https:\/\/flagprint.ch\/fr\/wp-json\/wp\/v2\/comments?post=32865"}],"version-history":[{"count":0,"href":"https:\/\/flagprint.ch\/fr\/wp-json\/wp\/v2\/posts\/32865\/revisions"}],"wp:featuredmedia":[{"embeddable":true,"href":"https:\/\/flagprint.ch\/fr\/wp-json\/wp\/v2\/media\/32868"}],"wp:attachment":[{"href":"https:\/\/flagprint.ch\/fr\/wp-json\/wp\/v2\/media?parent=32865"}],"wp:term":[{"taxonomy":"category","embeddable":true,"href":"https:\/\/flagprint.ch\/fr\/wp-json\/wp\/v2\/categories?post=32865"},{"taxonomy":"post_tag","embeddable":true,"href":"https:\/\/flagprint.ch\/fr\/wp-json\/wp\/v2\/tags?post=32865"}],"curies":[{"name":"wp","href":"https:\/\/api.w.org\/{rel}","templated":true}]}}