{"id":13641,"date":"2021-04-07T12:01:41","date_gmt":"2021-04-07T10:01:41","guid":{"rendered":"https:\/\/flagprint.ch\/nouvelles\/megabanner-fuer-jungfraujoch\/"},"modified":"2021-04-09T14:02:58","modified_gmt":"2021-04-09T12:02:58","slug":"banniere-geante-pour-jungfraujoch","status":"publish","type":"post","link":"https:\/\/flagprint.ch\/fr\/references\/banniere-geante-pour-jungfraujoch\/","title":{"rendered":"Banni\u00e8re g\u00e9ante pour Jungfraujoch"},"content":{"rendered":"\t\t<div data-elementor-type=\"wp-post\" data-elementor-id=\"13641\" class=\"elementor elementor-13641 elementor-11047\" data-elementor-post-type=\"post\">\n\t\t\t\t\t\t<section class=\"elementor-section elementor-top-section elementor-element elementor-element-0327b88 elementor-section-boxed elementor-section-height-default elementor-section-height-default\" data-id=\"0327b88\" data-element_type=\"section\" data-e-type=\"section\">\n\t\t\t\t\t\t<div class=\"elementor-container elementor-column-gap-default\">\n\t\t\t\t\t<div class=\"elementor-column elementor-col-100 elementor-top-column elementor-element elementor-element-e2721e7\" data-id=\"e2721e7\" data-element_type=\"column\" data-e-type=\"column\">\n\t\t\t<div class=\"elementor-widget-wrap elementor-element-populated\">\n\t\t\t\t\t\t<section class=\"elementor-section elementor-inner-section elementor-element elementor-element-1b45f7a elementor-section-boxed elementor-section-height-default elementor-section-height-default\" data-id=\"1b45f7a\" data-element_type=\"section\" data-e-type=\"section\">\n\t\t\t\t\t\t<div class=\"elementor-container elementor-column-gap-wide\">\n\t\t\t\t\t<div class=\"elementor-column elementor-col-50 elementor-inner-column elementor-element elementor-element-36d2dc7\" data-id=\"36d2dc7\" data-element_type=\"column\" data-e-type=\"column\">\n\t\t\t<div class=\"elementor-widget-wrap elementor-element-populated\">\n\t\t\t\t\t\t<div class=\"elementor-element elementor-element-4d1a55f elementor-widget elementor-widget-video\" data-id=\"4d1a55f\" data-element_type=\"widget\" data-e-type=\"widget\" data-settings=\"{&quot;youtube_url&quot;:&quot;https:\\\/\\\/www.youtube.com\\\/watch?v=FuSKho03lGQ&amp;feature=youtu.be&quot;,&quot;autoplay&quot;:&quot;yes&quot;,&quot;mute&quot;:&quot;yes&quot;,&quot;loop&quot;:&quot;yes&quot;,&quot;video_type&quot;:&quot;youtube&quot;,&quot;controls&quot;:&quot;yes&quot;}\" data-widget_type=\"video.default\">\n\t\t\t\t<div class=\"elementor-widget-container\">\n\t\t\t\t\t\t\t<div class=\"elementor-wrapper elementor-open-inline\">\n\t\t\t<div class=\"elementor-video\"><\/div>\t\t<\/div>\n\t\t\t\t\t\t<\/div>\n\t\t\t\t<\/div>\n\t\t\t\t<div class=\"elementor-element elementor-element-09b197c fp-product-gallery elementor-widget elementor-widget-image-gallery\" data-id=\"09b197c\" data-element_type=\"widget\" data-e-type=\"widget\" data-widget_type=\"image-gallery.default\">\n\t\t\t\t<div class=\"elementor-widget-container\">\n\t\t\t\t\t\t\t<div class=\"elementor-image-gallery\">\n\t\t\t<div id='gallery-1' class='gallery galleryid-13641 gallery-columns-3 gallery-size-full'><figure class='gallery-item'>\n\t\t\t<div class='gallery-icon landscape'>\n\t\t\t\t<a  href='https:\/\/flagprint.ch\/wp-content\/uploads\/2020\/06\/flagprint-mega-banner-jungfrau-sphinx.jpg' title=\"Banni\u00e8re g\u00e9ante pour Jungfraujoch\" data-rl_title=\"Banni\u00e8re g\u00e9ante pour Jungfraujoch\" class=\"rl-gallery-link\" data-rl_caption=\"Notre banni\u00e8re g\u00e9ante de 20 x 20 m\u00e8tres est venue orner la c\u00e9l\u00e8bre falaise situ\u00e9e sous l\u2019observatoire du Sphinx.\" data-rel=\"fp-lightbox-gallery-1\"><img fetchpriority=\"high\" decoding=\"async\" width=\"1600\" height=\"1200\" src=\"https:\/\/flagprint.ch\/wp-content\/uploads\/2020\/06\/flagprint-mega-banner-jungfrau-sphinx.jpg\" class=\"attachment-full size-full\" alt=\"An der Wiederer\u00f6ffnung des Jungfraujochs zierte ein 20 x 20-Meter-Megabanner von flagprint den Felsen unterhalb der Aussichtsplattform.\" aria-describedby=\"gallery-1-11057\" srcset=\"https:\/\/flagprint.ch\/wp-content\/uploads\/2020\/06\/flagprint-mega-banner-jungfrau-sphinx.jpg 1600w, https:\/\/flagprint.ch\/wp-content\/uploads\/2020\/06\/flagprint-mega-banner-jungfrau-sphinx-800x600.jpg 800w, https:\/\/flagprint.ch\/wp-content\/uploads\/2020\/06\/flagprint-mega-banner-jungfrau-sphinx-1200x900.jpg 1200w, https:\/\/flagprint.ch\/wp-content\/uploads\/2020\/06\/flagprint-mega-banner-jungfrau-sphinx-400x300.jpg 400w, https:\/\/flagprint.ch\/wp-content\/uploads\/2020\/06\/flagprint-mega-banner-jungfrau-sphinx-768x576.jpg 768w, https:\/\/flagprint.ch\/wp-content\/uploads\/2020\/06\/flagprint-mega-banner-jungfrau-sphinx-1536x1152.jpg 1536w\" sizes=\"(max-width: 1600px) 100vw, 1600px\" \/><\/a>\n\t\t\t<\/div>\n\t\t\t\t<figcaption class='wp-caption-text gallery-caption' id='gallery-1-11057'>\n\t\t\t\tBanni\u00e8re g\u00e9ante pour Jungfraujoch\n\t\t\t\t<\/figcaption><\/figure><figure class='gallery-item'>\n\t\t\t<div class='gallery-icon landscape'>\n\t\t\t\t<a  href='https:\/\/flagprint.ch\/wp-content\/uploads\/2020\/06\/flagprint-mega-banner-jungfraujoch-sphinx.jpg.jpg' title=\"Banni\u00e8re g\u00e9ante pour Jungfraujoch\" data-rl_title=\"Banni\u00e8re g\u00e9ante pour Jungfraujoch\" class=\"rl-gallery-link\" data-rl_caption=\"Notre banni\u00e8re g\u00e9ante de 20 x 20 m\u00e8tres est venue orner la c\u00e9l\u00e8bre falaise situ\u00e9e sous l\u2019observatoire du Sphinx.\" data-rel=\"fp-lightbox-gallery-1\"><img decoding=\"async\" width=\"1600\" height=\"1200\" src=\"https:\/\/flagprint.ch\/wp-content\/uploads\/2020\/06\/flagprint-mega-banner-jungfraujoch-sphinx.jpg.jpg\" class=\"attachment-full size-full\" alt=\"An der Wiederer\u00f6ffnung des Jungfraujochs zierte ein 20 x 20-Meter-Megabanner von flagprint den Felsen unterhalb der Aussichtsplattform.\" aria-describedby=\"gallery-1-11055\" srcset=\"https:\/\/flagprint.ch\/wp-content\/uploads\/2020\/06\/flagprint-mega-banner-jungfraujoch-sphinx.jpg.jpg 1600w, https:\/\/flagprint.ch\/wp-content\/uploads\/2020\/06\/flagprint-mega-banner-jungfraujoch-sphinx.jpg-800x600.jpg 800w, https:\/\/flagprint.ch\/wp-content\/uploads\/2020\/06\/flagprint-mega-banner-jungfraujoch-sphinx.jpg-1200x900.jpg 1200w, https:\/\/flagprint.ch\/wp-content\/uploads\/2020\/06\/flagprint-mega-banner-jungfraujoch-sphinx.jpg-400x300.jpg 400w, https:\/\/flagprint.ch\/wp-content\/uploads\/2020\/06\/flagprint-mega-banner-jungfraujoch-sphinx.jpg-768x576.jpg 768w, https:\/\/flagprint.ch\/wp-content\/uploads\/2020\/06\/flagprint-mega-banner-jungfraujoch-sphinx.jpg-1536x1152.jpg 1536w\" sizes=\"(max-width: 1600px) 100vw, 1600px\" \/><\/a>\n\t\t\t<\/div>\n\t\t\t\t<figcaption class='wp-caption-text gallery-caption' id='gallery-1-11055'>\n\t\t\t\tBanni\u00e8re g\u00e9ante pour Jungfraujoch\n\t\t\t\t<\/figcaption><\/figure><figure class='gallery-item'>\n\t\t\t<div class='gallery-icon landscape'>\n\t\t\t\t<a  href='https:\/\/flagprint.ch\/wp-content\/uploads\/2020\/06\/flagprint-mega-banner-jungfraujoch-marc.jpg' title=\"Banni\u00e8re g\u00e9ante pour Jungfraujoch\" data-rl_title=\"Banni\u00e8re g\u00e9ante pour Jungfraujoch\" class=\"rl-gallery-link\" data-rl_caption=\"\u00c0 l\u2019occasion de la r\u00e9ouverture du Jungfraujoch, une banni\u00e8re g\u00e9ante de 20 x 20\u00a0m\u00e8tres\" data-rel=\"fp-lightbox-gallery-1\"><img decoding=\"async\" width=\"1802\" height=\"1352\" src=\"https:\/\/flagprint.ch\/wp-content\/uploads\/2020\/06\/flagprint-mega-banner-jungfraujoch-marc.jpg\" class=\"attachment-full size-full\" alt=\"An der Wiederer\u00f6ffnung des Jungfraujochs zierte ein 20 x 20-Meter-Megabanner von flagprint den Felsen unterhalb der Aussichtsplattform.\" aria-describedby=\"gallery-1-11082\" srcset=\"https:\/\/flagprint.ch\/wp-content\/uploads\/2020\/06\/flagprint-mega-banner-jungfraujoch-marc.jpg 1802w, https:\/\/flagprint.ch\/wp-content\/uploads\/2020\/06\/flagprint-mega-banner-jungfraujoch-marc-800x600.jpg 800w, https:\/\/flagprint.ch\/wp-content\/uploads\/2020\/06\/flagprint-mega-banner-jungfraujoch-marc-1200x900.jpg 1200w, https:\/\/flagprint.ch\/wp-content\/uploads\/2020\/06\/flagprint-mega-banner-jungfraujoch-marc-400x300.jpg 400w, https:\/\/flagprint.ch\/wp-content\/uploads\/2020\/06\/flagprint-mega-banner-jungfraujoch-marc-768x576.jpg 768w, https:\/\/flagprint.ch\/wp-content\/uploads\/2020\/06\/flagprint-mega-banner-jungfraujoch-marc-1536x1152.jpg 1536w\" sizes=\"(max-width: 1802px) 100vw, 1802px\" \/><\/a>\n\t\t\t<\/div>\n\t\t\t\t<figcaption class='wp-caption-text gallery-caption' id='gallery-1-11082'>\n\t\t\t\tBanni\u00e8re g\u00e9ante pour Jungfraujoch\n\t\t\t\t<\/figcaption><\/figure><figure class='gallery-item'>\n\t\t\t<div class='gallery-icon landscape'>\n\t\t\t\t<a  href='https:\/\/flagprint.ch\/wp-content\/uploads\/2020\/06\/flagprint-mega-banner-jungfrau-sphinx-montage.jpg.jpg' title=\"Banni\u00e8re g\u00e9ante pour Jungfraujoch\" data-rl_title=\"Banni\u00e8re g\u00e9ante pour Jungfraujoch\" class=\"rl-gallery-link\" data-rl_caption=\"\u00c0 l\u2019occasion de la r\u00e9ouverture du Jungfraujoch, une banni\u00e8re g\u00e9ante de 20 x 20\u00a0m\u00e8tres\" data-rel=\"fp-lightbox-gallery-1\"><img loading=\"lazy\" decoding=\"async\" width=\"1600\" height=\"1200\" src=\"https:\/\/flagprint.ch\/wp-content\/uploads\/2020\/06\/flagprint-mega-banner-jungfrau-sphinx-montage.jpg.jpg\" class=\"attachment-full size-full\" alt=\"An der Wiederer\u00f6ffnung des Jungfraujochs zierte ein 20 x 20-Meter-Megabanner von flagprint den Felsen unterhalb der Aussichtsplattform.\" aria-describedby=\"gallery-1-11059\" srcset=\"https:\/\/flagprint.ch\/wp-content\/uploads\/2020\/06\/flagprint-mega-banner-jungfrau-sphinx-montage.jpg.jpg 1600w, https:\/\/flagprint.ch\/wp-content\/uploads\/2020\/06\/flagprint-mega-banner-jungfrau-sphinx-montage.jpg-800x600.jpg 800w, https:\/\/flagprint.ch\/wp-content\/uploads\/2020\/06\/flagprint-mega-banner-jungfrau-sphinx-montage.jpg-1200x900.jpg 1200w, https:\/\/flagprint.ch\/wp-content\/uploads\/2020\/06\/flagprint-mega-banner-jungfrau-sphinx-montage.jpg-400x300.jpg 400w, https:\/\/flagprint.ch\/wp-content\/uploads\/2020\/06\/flagprint-mega-banner-jungfrau-sphinx-montage.jpg-768x576.jpg 768w, https:\/\/flagprint.ch\/wp-content\/uploads\/2020\/06\/flagprint-mega-banner-jungfrau-sphinx-montage.jpg-1536x1152.jpg 1536w\" sizes=\"(max-width: 1600px) 100vw, 1600px\" \/><\/a>\n\t\t\t<\/div>\n\t\t\t\t<figcaption class='wp-caption-text gallery-caption' id='gallery-1-11059'>\n\t\t\t\tBanni\u00e8re g\u00e9ante pour Jungfraujoch\n\t\t\t\t<\/figcaption><\/figure>\n\t\t<\/div>\n\t\t<\/div>\n\t\t\t\t\t\t<\/div>\n\t\t\t\t<\/div>\n\t\t\t\t\t<\/div>\n\t\t<\/div>\n\t\t\t\t<div class=\"elementor-column elementor-col-50 elementor-inner-column elementor-element elementor-element-c22373d\" data-id=\"c22373d\" data-element_type=\"column\" data-e-type=\"column\">\n\t\t\t<div class=\"elementor-widget-wrap elementor-element-populated\">\n\t\t\t\t\t\t<div class=\"elementor-element elementor-element-051068d elementor-widget elementor-widget-theme-post-title elementor-page-title elementor-widget-heading\" data-id=\"051068d\" data-element_type=\"widget\" data-e-type=\"widget\" data-widget_type=\"theme-post-title.default\">\n\t\t\t\t<div class=\"elementor-widget-container\">\n\t\t\t\t\t<h1 class=\"elementor-heading-title elementor-size-default\">Banni\u00e8re g\u00e9ante pour Jungfraujoch<\/h1>\t\t\t\t<\/div>\n\t\t\t\t<\/div>\n\t\t\t\t<div class=\"elementor-element elementor-element-c1072ba elementor-align-left elementor-widget elementor-widget-post-info\" data-id=\"c1072ba\" data-element_type=\"widget\" data-e-type=\"widget\" data-widget_type=\"post-info.default\">\n\t\t\t\t<div class=\"elementor-widget-container\">\n\t\t\t\t\t\t\t<ul class=\"elementor-inline-items elementor-icon-list-items elementor-post-info\">\n\t\t\t\t\t\t\t\t<li class=\"elementor-icon-list-item elementor-repeater-item-effca5d elementor-inline-item\">\n\t\t\t\t\t\t\t\t\t\t\t\t\t<span class=\"elementor-icon-list-text elementor-post-info__item elementor-post-info__item--type-custom\">\n\t\t\t\t\t\t\t\t\t\t7 avril 2021\t\t\t\t\t<\/span>\n\t\t\t\t\t\t\t\t<\/li>\n\t\t\t\t<li class=\"elementor-icon-list-item elementor-repeater-item-1c5cd4b elementor-inline-item\">\n\t\t\t\t\t\t\t\t\t\t\t\t\t<span class=\"elementor-icon-list-text elementor-post-info__item elementor-post-info__item--type-time\">\n\t\t\t\t\t\t\t<span class=\"elementor-post-info__item-prefix\">|<\/span>\n\t\t\t\t\t\t\t\t\t\t<time>12:01<\/time>\t\t\t\t\t<\/span>\n\t\t\t\t\t\t\t\t<\/li>\n\t\t\t\t<\/ul>\n\t\t\t\t\t\t<\/div>\n\t\t\t\t<\/div>\n\t\t\t\t<div class=\"elementor-element elementor-element-fddcf5b elementor-widget elementor-widget-text-editor\" data-id=\"fddcf5b\" data-element_type=\"widget\" data-e-type=\"widget\" data-widget_type=\"text-editor.default\">\n\t\t\t\t<div class=\"elementor-widget-container\">\n\t\t\t\t\t\t\t\t\t<p>flagprint goes <a href=\"https:\/\/www.jungfrau.ch\/de-ch\/jungfraujoch-top-of-europe\/\" target=\"_blank\" rel=\"noopener\">Jungfraujoch<\/a>!<\/p><p>Apr\u00e8s trois mois d\u2019interruption due \u00e0 la crise sanitaire, la plateforme panoramique offrant une vue \u00e0 couper le souffle a f\u00eat\u00e9 sa r\u00e9ouverture. Les c\u00e9l\u00e8bres artistes suisses Francine Jordi et Trauffer ont particip\u00e9 \u00e0 cette r\u00e9ouverture \u2013 tout comme flagprint. Notre banni\u00e8re g\u00e9ante de 20 x 20 m\u00e8tres est venue orner la c\u00e9l\u00e8bre falaise situ\u00e9e sous l\u2019observatoire du Sphinx.<\/p><p>En tant qu\u2019entreprise bernoise, nous sommes extr\u00eamement fiers d\u2019avoir activement particip\u00e9 \u00e0 ce projet prestigieux et d\u2019avoir contribu\u00e9 \u00e0 fa\u00e7onner cette toile de fond majestueuse perch\u00e9e \u00e0 3\u2019454 m\u00e8tres d\u2019altitude le week-end dernier.<\/p>\t\t\t\t\t\t\t\t<\/div>\n\t\t\t\t<\/div>\n\t\t\t\t<div class=\"elementor-element elementor-element-5f9cf60 elementor-widget elementor-widget-button\" data-id=\"5f9cf60\" data-element_type=\"widget\" data-e-type=\"widget\" data-widget_type=\"button.default\">\n\t\t\t\t<div class=\"elementor-widget-container\">\n\t\t\t\t\t\t\t\t\t<div class=\"elementor-button-wrapper\">\n\t\t\t\t\t<a class=\"elementor-button elementor-button-link elementor-size-sm\" href=\"https:\/\/flagprint.ch\/fr\/produits\/banderole-publicitaire-bande-tendue-transparent\/\">\n\t\t\t\t\t\t<span class=\"elementor-button-content-wrapper\">\n\t\t\t\t\t\t\t\t\t<span class=\"elementor-button-text\">Vers le produit banni\u00e8re<\/span>\n\t\t\t\t\t<\/span>\n\t\t\t\t\t<\/a>\n\t\t\t\t<\/div>\n\t\t\t\t\t\t\t\t<\/div>\n\t\t\t\t<\/div>\n\t\t\t\t\t<\/div>\n\t\t<\/div>\n\t\t\t\t\t<\/div>\n\t\t<\/section>\n\t\t\t\t\t<\/div>\n\t\t<\/div>\n\t\t\t\t\t<\/div>\n\t\t<\/section>\n\t\t\t\t<\/div>\n\t\t","protected":false},"excerpt":{"rendered":"<p>\u00c0 l\u2019occasion de la r\u00e9ouverture du Jungfraujoch, une banni\u00e8re g\u00e9ante de 20 x 20\u00a0m\u00e8tres de flagprint ornait la falaise situ\u00e9e en contrebas de la plateforme panoramique.<\/p>\n","protected":false},"author":6,"featured_media":11072,"comment_status":"open","ping_status":"open","sticky":false,"template":"","format":"standard","meta":{"footnotes":""},"categories":[1219,2481,2487,2492,2489],"tags":[3315,3320,3321,3322,3323],"class_list":["post-13641","post","type-post","status-publish","format-standard","has-post-thumbnail","hentry","category-references","category-tout-fr","category-drapeaux","category-banderoles","category-exposition-event","tag-coronavirus-fr","tag-megabanner-fr","tag-banner-fr","tag-jungfraujoch-fr","tag-wiedereroeffnung-fr"],"_links":{"self":[{"href":"https:\/\/flagprint.ch\/fr\/wp-json\/wp\/v2\/posts\/13641","targetHints":{"allow":["GET"]}}],"collection":[{"href":"https:\/\/flagprint.ch\/fr\/wp-json\/wp\/v2\/posts"}],"about":[{"href":"https:\/\/flagprint.ch\/fr\/wp-json\/wp\/v2\/types\/post"}],"author":[{"embeddable":true,"href":"https:\/\/flagprint.ch\/fr\/wp-json\/wp\/v2\/users\/6"}],"replies":[{"embeddable":true,"href":"https:\/\/flagprint.ch\/fr\/wp-json\/wp\/v2\/comments?post=13641"}],"version-history":[{"count":0,"href":"https:\/\/flagprint.ch\/fr\/wp-json\/wp\/v2\/posts\/13641\/revisions"}],"wp:featuredmedia":[{"embeddable":true,"href":"https:\/\/flagprint.ch\/fr\/wp-json\/wp\/v2\/media\/11072"}],"wp:attachment":[{"href":"https:\/\/flagprint.ch\/fr\/wp-json\/wp\/v2\/media?parent=13641"}],"wp:term":[{"taxonomy":"category","embeddable":true,"href":"https:\/\/flagprint.ch\/fr\/wp-json\/wp\/v2\/categories?post=13641"},{"taxonomy":"post_tag","embeddable":true,"href":"https:\/\/flagprint.ch\/fr\/wp-json\/wp\/v2\/tags?post=13641"}],"curies":[{"name":"wp","href":"https:\/\/api.w.org\/{rel}","templated":true}]}}