{"id":13540,"date":"2021-04-01T14:15:39","date_gmt":"2021-04-01T12:15:39","guid":{"rendered":"https:\/\/flagprint.ch\/nouvelles\/protectionframe-fuer-cafe-federal\/"},"modified":"2021-04-09T14:10:00","modified_gmt":"2021-04-09T12:10:00","slug":"protectionframe-pour-le-cafe-federal","status":"publish","type":"post","link":"https:\/\/flagprint.ch\/fr\/references\/protectionframe-pour-le-cafe-federal\/","title":{"rendered":"protectionframe pour le Caf\u00e9 F\u00e9d\u00e9ral"},"content":{"rendered":"\t\t<div data-elementor-type=\"wp-post\" data-elementor-id=\"13540\" class=\"elementor elementor-13540 elementor-10986\" data-elementor-post-type=\"post\">\n\t\t\t\t\t\t<section class=\"elementor-section elementor-top-section elementor-element elementor-element-5999a96 elementor-section-full_width elementor-section-height-default elementor-section-height-default\" data-id=\"5999a96\" data-element_type=\"section\" data-e-type=\"section\">\n\t\t\t\t\t\t<div class=\"elementor-container elementor-column-gap-no\">\n\t\t\t\t\t<div class=\"elementor-column elementor-col-50 elementor-top-column elementor-element elementor-element-5d7246b fp-single-left\" data-id=\"5d7246b\" data-element_type=\"column\" data-e-type=\"column\">\n\t\t\t<div class=\"elementor-widget-wrap elementor-element-populated\">\n\t\t\t\t\t\t<div class=\"elementor-element elementor-element-382155c elementor-widget elementor-widget-video\" data-id=\"382155c\" data-element_type=\"widget\" data-e-type=\"widget\" data-settings=\"{&quot;youtube_url&quot;:&quot;https:\\\/\\\/www.youtube.com\\\/watch?v=FRRxnxcBSJI&quot;,&quot;autoplay&quot;:&quot;yes&quot;,&quot;mute&quot;:&quot;yes&quot;,&quot;loop&quot;:&quot;yes&quot;,&quot;play_on_mobile&quot;:&quot;yes&quot;,&quot;video_type&quot;:&quot;youtube&quot;,&quot;controls&quot;:&quot;yes&quot;}\" data-widget_type=\"video.default\">\n\t\t\t\t<div class=\"elementor-widget-container\">\n\t\t\t\t\t\t\t<div class=\"elementor-wrapper elementor-open-inline\">\n\t\t\t<div class=\"elementor-video\"><\/div>\t\t<\/div>\n\t\t\t\t\t\t<\/div>\n\t\t\t\t<\/div>\n\t\t\t\t<div class=\"elementor-element elementor-element-1e24d31 fp-product-gallery elementor-widget elementor-widget-image-gallery\" data-id=\"1e24d31\" data-element_type=\"widget\" data-e-type=\"widget\" data-widget_type=\"image-gallery.default\">\n\t\t\t\t<div class=\"elementor-widget-container\">\n\t\t\t\t\t\t\t<div class=\"elementor-image-gallery\">\n\t\t\t<div id='gallery-1' class='gallery galleryid-13540 gallery-columns-3 gallery-size-full'><figure class='gallery-item'>\n\t\t\t<div class='gallery-icon landscape'>\n\t\t\t\t<a  href='https:\/\/flagprint.ch\/wp-content\/uploads\/2020\/05\/flagprint-protectionframe-cafe-federal-bern-restaurant-saal.jpg' title=\"protectionframe pour le Caf\u00e9 F\u00e9d\u00e9ral\" data-rl_title=\"protectionframe pour le Caf\u00e9 F\u00e9d\u00e9ral\" class=\"rl-gallery-link\" data-rl_caption=\"En effet, gr\u00e2ce \u00e0 un film PVC transparent, la cloison mobile permet de r\u00e9duire au maximum les distances \u00e0 respecter tout en assurant la protection n\u00e9cessaire.\" data-rel=\"fp-lightbox-gallery-1\"><img fetchpriority=\"high\" width=\"1600\" height=\"1200\" src=\"https:\/\/flagprint.ch\/wp-content\/uploads\/2020\/05\/flagprint-protectionframe-cafe-federal-bern-restaurant-saal.jpg\" class=\"attachment-full size-full\" alt=\"Das protectionframe von flagprint erlaubt den Gastronomiebetrieben auch in Zeiten von Corona eine nahezu vollst\u00e4ndige Auslastung.\" aria-describedby=\"gallery-1-11006\" decoding=\"async\" srcset=\"https:\/\/flagprint.ch\/wp-content\/uploads\/2020\/05\/flagprint-protectionframe-cafe-federal-bern-restaurant-saal.jpg 1600w, https:\/\/flagprint.ch\/wp-content\/uploads\/2020\/05\/flagprint-protectionframe-cafe-federal-bern-restaurant-saal-800x600.jpg 800w, https:\/\/flagprint.ch\/wp-content\/uploads\/2020\/05\/flagprint-protectionframe-cafe-federal-bern-restaurant-saal-1200x900.jpg 1200w, https:\/\/flagprint.ch\/wp-content\/uploads\/2020\/05\/flagprint-protectionframe-cafe-federal-bern-restaurant-saal-400x300.jpg 400w, https:\/\/flagprint.ch\/wp-content\/uploads\/2020\/05\/flagprint-protectionframe-cafe-federal-bern-restaurant-saal-768x576.jpg 768w, https:\/\/flagprint.ch\/wp-content\/uploads\/2020\/05\/flagprint-protectionframe-cafe-federal-bern-restaurant-saal-1536x1152.jpg 1536w\" sizes=\"(max-width: 1600px) 100vw, 1600px\" \/><\/a>\n\t\t\t<\/div>\n\t\t\t\t<figcaption class='wp-caption-text gallery-caption' id='gallery-1-11006'>\n\t\t\t\tprotectionframe pour le Caf\u00e9 F\u00e9d\u00e9ral\n\t\t\t\t<\/figcaption><\/figure><figure class='gallery-item'>\n\t\t\t<div class='gallery-icon landscape'>\n\t\t\t\t<a  href='https:\/\/flagprint.ch\/wp-content\/uploads\/2020\/05\/flagprint-protectionframe-cafe-federal-bern-restaurant-corona-schutz.jpg' title=\"protectionframe pour le Caf\u00e9 F\u00e9d\u00e9ral\" data-rl_title=\"protectionframe pour le Caf\u00e9 F\u00e9d\u00e9ral\" class=\"rl-gallery-link\" data-rl_caption=\"En effet, gr\u00e2ce \u00e0 un film PVC transparent, la cloison mobile permet de r\u00e9duire au maximum les distances \u00e0 respecter tout en assurant la protection n\u00e9cessaire.\" data-rel=\"fp-lightbox-gallery-1\"><img width=\"1600\" height=\"1200\" src=\"https:\/\/flagprint.ch\/wp-content\/uploads\/2020\/05\/flagprint-protectionframe-cafe-federal-bern-restaurant-corona-schutz.jpg\" class=\"attachment-full size-full\" alt=\"Das protectionframe von flagprint erlaubt den Gastronomiebetrieben auch in Zeiten von Corona eine nahezu vollst\u00e4ndige Auslastung.\" aria-describedby=\"gallery-1-10994\" decoding=\"async\" srcset=\"https:\/\/flagprint.ch\/wp-content\/uploads\/2020\/05\/flagprint-protectionframe-cafe-federal-bern-restaurant-corona-schutz.jpg 1600w, https:\/\/flagprint.ch\/wp-content\/uploads\/2020\/05\/flagprint-protectionframe-cafe-federal-bern-restaurant-corona-schutz-800x600.jpg 800w, https:\/\/flagprint.ch\/wp-content\/uploads\/2020\/05\/flagprint-protectionframe-cafe-federal-bern-restaurant-corona-schutz-1200x900.jpg 1200w, https:\/\/flagprint.ch\/wp-content\/uploads\/2020\/05\/flagprint-protectionframe-cafe-federal-bern-restaurant-corona-schutz-400x300.jpg 400w, https:\/\/flagprint.ch\/wp-content\/uploads\/2020\/05\/flagprint-protectionframe-cafe-federal-bern-restaurant-corona-schutz-768x576.jpg 768w, https:\/\/flagprint.ch\/wp-content\/uploads\/2020\/05\/flagprint-protectionframe-cafe-federal-bern-restaurant-corona-schutz-1536x1152.jpg 1536w\" sizes=\"(max-width: 1600px) 100vw, 1600px\" \/><\/a>\n\t\t\t<\/div>\n\t\t\t\t<figcaption class='wp-caption-text gallery-caption' id='gallery-1-10994'>\n\t\t\t\tprotectionframe pour le Caf\u00e9 F\u00e9d\u00e9ral\n\t\t\t\t<\/figcaption><\/figure><figure class='gallery-item'>\n\t\t\t<div class='gallery-icon landscape'>\n\t\t\t\t<a  href='https:\/\/flagprint.ch\/wp-content\/uploads\/2020\/05\/flagprint-protectionframe-cafe-federal-bern-restaurant-anti-corona.jpg' title=\"protectionframe pour le Caf\u00e9 F\u00e9d\u00e9ral\" data-rl_title=\"protectionframe pour le Caf\u00e9 F\u00e9d\u00e9ral\" class=\"rl-gallery-link\" data-rl_caption=\"En effet, gr\u00e2ce \u00e0 un film PVC transparent, la cloison mobile permet de r\u00e9duire au maximum les distances \u00e0 respecter tout en assurant la protection n\u00e9cessaire.\" data-rel=\"fp-lightbox-gallery-1\"><img width=\"1600\" height=\"1200\" src=\"https:\/\/flagprint.ch\/wp-content\/uploads\/2020\/05\/flagprint-protectionframe-cafe-federal-bern-restaurant-anti-corona.jpg\" class=\"attachment-full size-full\" alt=\"Das protectionframe von flagprint erlaubt den Gastronomiebetrieben auch in Zeiten von Corona eine nahezu vollst\u00e4ndige Auslastung.\" aria-describedby=\"gallery-1-10992\" decoding=\"async\" srcset=\"https:\/\/flagprint.ch\/wp-content\/uploads\/2020\/05\/flagprint-protectionframe-cafe-federal-bern-restaurant-anti-corona.jpg 1600w, https:\/\/flagprint.ch\/wp-content\/uploads\/2020\/05\/flagprint-protectionframe-cafe-federal-bern-restaurant-anti-corona-800x600.jpg 800w, https:\/\/flagprint.ch\/wp-content\/uploads\/2020\/05\/flagprint-protectionframe-cafe-federal-bern-restaurant-anti-corona-1200x900.jpg 1200w, https:\/\/flagprint.ch\/wp-content\/uploads\/2020\/05\/flagprint-protectionframe-cafe-federal-bern-restaurant-anti-corona-400x300.jpg 400w, https:\/\/flagprint.ch\/wp-content\/uploads\/2020\/05\/flagprint-protectionframe-cafe-federal-bern-restaurant-anti-corona-768x576.jpg 768w, https:\/\/flagprint.ch\/wp-content\/uploads\/2020\/05\/flagprint-protectionframe-cafe-federal-bern-restaurant-anti-corona-1536x1152.jpg 1536w\" sizes=\"(max-width: 1600px) 100vw, 1600px\" \/><\/a>\n\t\t\t<\/div>\n\t\t\t\t<figcaption class='wp-caption-text gallery-caption' id='gallery-1-10992'>\n\t\t\t\tprotectionframe pour le Caf\u00e9 F\u00e9d\u00e9ral\n\t\t\t\t<\/figcaption><\/figure><figure class='gallery-item'>\n\t\t\t<div class='gallery-icon landscape'>\n\t\t\t\t<a  href='https:\/\/flagprint.ch\/wp-content\/uploads\/2020\/05\/flagprint-protectionframe-cafe-federal-bern-restaurant-elegant-rahmen.jpg' title=\"protectionframe pour le Caf\u00e9 F\u00e9d\u00e9ral\" data-rl_title=\"protectionframe pour le Caf\u00e9 F\u00e9d\u00e9ral\" class=\"rl-gallery-link\" data-rl_caption=\"En effet, gr\u00e2ce \u00e0 un film PVC transparent, la cloison mobile permet de r\u00e9duire au maximum les distances \u00e0 respecter tout en assurant la protection n\u00e9cessaire.\" data-rel=\"fp-lightbox-gallery-1\"><img loading=\"lazy\" width=\"1600\" height=\"1200\" src=\"https:\/\/flagprint.ch\/wp-content\/uploads\/2020\/05\/flagprint-protectionframe-cafe-federal-bern-restaurant-elegant-rahmen.jpg\" class=\"attachment-full size-full\" alt=\"Das protectionframe von flagprint erlaubt den Gastronomiebetrieben auch in Zeiten von Corona eine nahezu vollst\u00e4ndige Auslastung.\" aria-describedby=\"gallery-1-10996\" decoding=\"async\" srcset=\"https:\/\/flagprint.ch\/wp-content\/uploads\/2020\/05\/flagprint-protectionframe-cafe-federal-bern-restaurant-elegant-rahmen.jpg 1600w, https:\/\/flagprint.ch\/wp-content\/uploads\/2020\/05\/flagprint-protectionframe-cafe-federal-bern-restaurant-elegant-rahmen-800x600.jpg 800w, https:\/\/flagprint.ch\/wp-content\/uploads\/2020\/05\/flagprint-protectionframe-cafe-federal-bern-restaurant-elegant-rahmen-1200x900.jpg 1200w, https:\/\/flagprint.ch\/wp-content\/uploads\/2020\/05\/flagprint-protectionframe-cafe-federal-bern-restaurant-elegant-rahmen-400x300.jpg 400w, https:\/\/flagprint.ch\/wp-content\/uploads\/2020\/05\/flagprint-protectionframe-cafe-federal-bern-restaurant-elegant-rahmen-768x576.jpg 768w, https:\/\/flagprint.ch\/wp-content\/uploads\/2020\/05\/flagprint-protectionframe-cafe-federal-bern-restaurant-elegant-rahmen-1536x1152.jpg 1536w\" sizes=\"(max-width: 1600px) 100vw, 1600px\" \/><\/a>\n\t\t\t<\/div>\n\t\t\t\t<figcaption class='wp-caption-text gallery-caption' id='gallery-1-10996'>\n\t\t\t\tprotectionframe pour le Caf\u00e9 F\u00e9d\u00e9ral\n\t\t\t\t<\/figcaption><\/figure><figure class='gallery-item'>\n\t\t\t<div class='gallery-icon landscape'>\n\t\t\t\t<a  href='https:\/\/flagprint.ch\/wp-content\/uploads\/2020\/05\/flagprint-protectionframe-cafe-federal-bern-restaurant-mobil.jpg' title=\"protectionframe pour le Caf\u00e9 F\u00e9d\u00e9ral\" data-rl_title=\"protectionframe pour le Caf\u00e9 F\u00e9d\u00e9ral\" class=\"rl-gallery-link\" data-rl_caption=\"En effet, gr\u00e2ce \u00e0 un film PVC transparent, la cloison mobile permet de r\u00e9duire au maximum les distances \u00e0 respecter tout en assurant la protection n\u00e9cessaire.\" data-rel=\"fp-lightbox-gallery-1\"><img loading=\"lazy\" width=\"1600\" height=\"1200\" src=\"https:\/\/flagprint.ch\/wp-content\/uploads\/2020\/05\/flagprint-protectionframe-cafe-federal-bern-restaurant-mobil.jpg\" class=\"attachment-full size-full\" alt=\"Das protectionframe von flagprint erlaubt den Gastronomiebetrieben auch in Zeiten von Corona eine nahezu vollst\u00e4ndige Auslastung.\" aria-describedby=\"gallery-1-10998\" decoding=\"async\" srcset=\"https:\/\/flagprint.ch\/wp-content\/uploads\/2020\/05\/flagprint-protectionframe-cafe-federal-bern-restaurant-mobil.jpg 1600w, https:\/\/flagprint.ch\/wp-content\/uploads\/2020\/05\/flagprint-protectionframe-cafe-federal-bern-restaurant-mobil-800x600.jpg 800w, https:\/\/flagprint.ch\/wp-content\/uploads\/2020\/05\/flagprint-protectionframe-cafe-federal-bern-restaurant-mobil-1200x900.jpg 1200w, https:\/\/flagprint.ch\/wp-content\/uploads\/2020\/05\/flagprint-protectionframe-cafe-federal-bern-restaurant-mobil-400x300.jpg 400w, https:\/\/flagprint.ch\/wp-content\/uploads\/2020\/05\/flagprint-protectionframe-cafe-federal-bern-restaurant-mobil-768x576.jpg 768w, https:\/\/flagprint.ch\/wp-content\/uploads\/2020\/05\/flagprint-protectionframe-cafe-federal-bern-restaurant-mobil-1536x1152.jpg 1536w\" sizes=\"(max-width: 1600px) 100vw, 1600px\" \/><\/a>\n\t\t\t<\/div>\n\t\t\t\t<figcaption class='wp-caption-text gallery-caption' id='gallery-1-10998'>\n\t\t\t\tprotectionframe pour le Caf\u00e9 F\u00e9d\u00e9ral\n\t\t\t\t<\/figcaption><\/figure><figure class='gallery-item'>\n\t\t\t<div class='gallery-icon landscape'>\n\t\t\t\t<a  href='https:\/\/flagprint.ch\/wp-content\/uploads\/2020\/05\/flagprint-protectionframe-cafe-federal-bern-restaurant-nachhaltig.jpg' title=\"protectionframe pour le Caf\u00e9 F\u00e9d\u00e9ral\" data-rl_title=\"protectionframe pour le Caf\u00e9 F\u00e9d\u00e9ral\" class=\"rl-gallery-link\" data-rl_caption=\"En effet, gr\u00e2ce \u00e0 un film PVC transparent, la cloison mobile permet de r\u00e9duire au maximum les distances \u00e0 respecter tout en assurant la protection n\u00e9cessaire.\" data-rel=\"fp-lightbox-gallery-1\"><img loading=\"lazy\" width=\"1600\" height=\"1200\" src=\"https:\/\/flagprint.ch\/wp-content\/uploads\/2020\/05\/flagprint-protectionframe-cafe-federal-bern-restaurant-nachhaltig.jpg\" class=\"attachment-full size-full\" alt=\"Das protectionframe von flagprint erlaubt den Gastronomiebetrieben auch in Zeiten von Corona eine nahezu vollst\u00e4ndige Auslastung.\" aria-describedby=\"gallery-1-11000\" decoding=\"async\" srcset=\"https:\/\/flagprint.ch\/wp-content\/uploads\/2020\/05\/flagprint-protectionframe-cafe-federal-bern-restaurant-nachhaltig.jpg 1600w, https:\/\/flagprint.ch\/wp-content\/uploads\/2020\/05\/flagprint-protectionframe-cafe-federal-bern-restaurant-nachhaltig-800x600.jpg 800w, https:\/\/flagprint.ch\/wp-content\/uploads\/2020\/05\/flagprint-protectionframe-cafe-federal-bern-restaurant-nachhaltig-1200x900.jpg 1200w, https:\/\/flagprint.ch\/wp-content\/uploads\/2020\/05\/flagprint-protectionframe-cafe-federal-bern-restaurant-nachhaltig-400x300.jpg 400w, https:\/\/flagprint.ch\/wp-content\/uploads\/2020\/05\/flagprint-protectionframe-cafe-federal-bern-restaurant-nachhaltig-768x576.jpg 768w, https:\/\/flagprint.ch\/wp-content\/uploads\/2020\/05\/flagprint-protectionframe-cafe-federal-bern-restaurant-nachhaltig-1536x1152.jpg 1536w\" sizes=\"(max-width: 1600px) 100vw, 1600px\" \/><\/a>\n\t\t\t<\/div>\n\t\t\t\t<figcaption class='wp-caption-text gallery-caption' id='gallery-1-11000'>\n\t\t\t\tprotectionframe pour le Caf\u00e9 F\u00e9d\u00e9ral\n\t\t\t\t<\/figcaption><\/figure><figure class='gallery-item'>\n\t\t\t<div class='gallery-icon portrait'>\n\t\t\t\t<a  href='https:\/\/flagprint.ch\/wp-content\/uploads\/2020\/05\/flagprint-protectionframe-cafe-federal-bern-restaurant-pvc-schutz.jpg' title=\"protectionframe pour le Caf\u00e9 F\u00e9d\u00e9ral\" data-rl_title=\"protectionframe pour le Caf\u00e9 F\u00e9d\u00e9ral\" class=\"rl-gallery-link\" data-rl_caption=\"En effet, gr\u00e2ce \u00e0 un film PVC transparent, la cloison mobile permet de r\u00e9duire au maximum les distances \u00e0 respecter tout en assurant la protection n\u00e9cessaire.\" data-rel=\"fp-lightbox-gallery-1\"><img loading=\"lazy\" width=\"1200\" height=\"1600\" src=\"https:\/\/flagprint.ch\/wp-content\/uploads\/2020\/05\/flagprint-protectionframe-cafe-federal-bern-restaurant-pvc-schutz.jpg\" class=\"attachment-full size-full\" alt=\"Das protectionframe von flagprint erlaubt den Gastronomiebetrieben auch in Zeiten von Corona eine nahezu vollst\u00e4ndige Auslastung.\" aria-describedby=\"gallery-1-11002\" decoding=\"async\" srcset=\"https:\/\/flagprint.ch\/wp-content\/uploads\/2020\/05\/flagprint-protectionframe-cafe-federal-bern-restaurant-pvc-schutz.jpg 1200w, https:\/\/flagprint.ch\/wp-content\/uploads\/2020\/05\/flagprint-protectionframe-cafe-federal-bern-restaurant-pvc-schutz-600x800.jpg 600w, https:\/\/flagprint.ch\/wp-content\/uploads\/2020\/05\/flagprint-protectionframe-cafe-federal-bern-restaurant-pvc-schutz-900x1200.jpg 900w, https:\/\/flagprint.ch\/wp-content\/uploads\/2020\/05\/flagprint-protectionframe-cafe-federal-bern-restaurant-pvc-schutz-300x400.jpg 300w, https:\/\/flagprint.ch\/wp-content\/uploads\/2020\/05\/flagprint-protectionframe-cafe-federal-bern-restaurant-pvc-schutz-768x1024.jpg 768w, https:\/\/flagprint.ch\/wp-content\/uploads\/2020\/05\/flagprint-protectionframe-cafe-federal-bern-restaurant-pvc-schutz-1152x1536.jpg 1152w\" sizes=\"(max-width: 1200px) 100vw, 1200px\" \/><\/a>\n\t\t\t<\/div>\n\t\t\t\t<figcaption class='wp-caption-text gallery-caption' id='gallery-1-11002'>\n\t\t\t\tprotectionframe pour le Caf\u00e9 F\u00e9d\u00e9ral\n\t\t\t\t<\/figcaption><\/figure><figure class='gallery-item'>\n\t\t\t<div class='gallery-icon landscape'>\n\t\t\t\t<a  href='https:\/\/flagprint.ch\/wp-content\/uploads\/2020\/05\/flagprint-protectionframe-cafe-federal-bern-restaurant-pvc-schutzfolie.jpg' title=\"protectionframe pour le Caf\u00e9 F\u00e9d\u00e9ral\" data-rl_title=\"protectionframe pour le Caf\u00e9 F\u00e9d\u00e9ral\" class=\"rl-gallery-link\" data-rl_caption=\"En effet, gr\u00e2ce \u00e0 un film PVC transparent, la cloison mobile permet de r\u00e9duire au maximum les distances \u00e0 respecter tout en assurant la protection n\u00e9cessaire.\" data-rel=\"fp-lightbox-gallery-1\"><img loading=\"lazy\" width=\"1600\" height=\"1200\" src=\"https:\/\/flagprint.ch\/wp-content\/uploads\/2020\/05\/flagprint-protectionframe-cafe-federal-bern-restaurant-pvc-schutzfolie.jpg\" class=\"attachment-full size-full\" alt=\"Das protectionframe von flagprint erlaubt den Gastronomiebetrieben auch in Zeiten von Corona eine nahezu vollst\u00e4ndige Auslastung.\" aria-describedby=\"gallery-1-11004\" decoding=\"async\" srcset=\"https:\/\/flagprint.ch\/wp-content\/uploads\/2020\/05\/flagprint-protectionframe-cafe-federal-bern-restaurant-pvc-schutzfolie.jpg 1600w, https:\/\/flagprint.ch\/wp-content\/uploads\/2020\/05\/flagprint-protectionframe-cafe-federal-bern-restaurant-pvc-schutzfolie-800x600.jpg 800w, https:\/\/flagprint.ch\/wp-content\/uploads\/2020\/05\/flagprint-protectionframe-cafe-federal-bern-restaurant-pvc-schutzfolie-1200x900.jpg 1200w, https:\/\/flagprint.ch\/wp-content\/uploads\/2020\/05\/flagprint-protectionframe-cafe-federal-bern-restaurant-pvc-schutzfolie-400x300.jpg 400w, https:\/\/flagprint.ch\/wp-content\/uploads\/2020\/05\/flagprint-protectionframe-cafe-federal-bern-restaurant-pvc-schutzfolie-768x576.jpg 768w, https:\/\/flagprint.ch\/wp-content\/uploads\/2020\/05\/flagprint-protectionframe-cafe-federal-bern-restaurant-pvc-schutzfolie-1536x1152.jpg 1536w\" sizes=\"(max-width: 1600px) 100vw, 1600px\" \/><\/a>\n\t\t\t<\/div>\n\t\t\t\t<figcaption class='wp-caption-text gallery-caption' id='gallery-1-11004'>\n\t\t\t\tprotectionframe pour le Caf\u00e9 F\u00e9d\u00e9ral\n\t\t\t\t<\/figcaption><\/figure><figure class='gallery-item'>\n\t\t\t<div class='gallery-icon portrait'>\n\t\t\t\t<a  href='https:\/\/flagprint.ch\/wp-content\/uploads\/2020\/05\/flagprint-protectionframe-cafe-federal-bern-restaurant-schutz-schutzfolie.jpg' title=\"protectionframe pour le Caf\u00e9 F\u00e9d\u00e9ral\" data-rl_title=\"protectionframe pour le Caf\u00e9 F\u00e9d\u00e9ral\" class=\"rl-gallery-link\" data-rl_caption=\"En effet, gr\u00e2ce \u00e0 un film PVC transparent, la cloison mobile permet de r\u00e9duire au maximum les distances \u00e0 respecter tout en assurant la protection n\u00e9cessaire.\" data-rel=\"fp-lightbox-gallery-1\"><img loading=\"lazy\" width=\"1200\" height=\"1600\" src=\"https:\/\/flagprint.ch\/wp-content\/uploads\/2020\/05\/flagprint-protectionframe-cafe-federal-bern-restaurant-schutz-schutzfolie.jpg\" class=\"attachment-full size-full\" alt=\"Das protectionframe von flagprint erlaubt den Gastronomiebetrieben auch in Zeiten von Corona eine nahezu vollst\u00e4ndige Auslastung.\" aria-describedby=\"gallery-1-11008\" decoding=\"async\" srcset=\"https:\/\/flagprint.ch\/wp-content\/uploads\/2020\/05\/flagprint-protectionframe-cafe-federal-bern-restaurant-schutz-schutzfolie.jpg 1200w, https:\/\/flagprint.ch\/wp-content\/uploads\/2020\/05\/flagprint-protectionframe-cafe-federal-bern-restaurant-schutz-schutzfolie-600x800.jpg 600w, https:\/\/flagprint.ch\/wp-content\/uploads\/2020\/05\/flagprint-protectionframe-cafe-federal-bern-restaurant-schutz-schutzfolie-900x1200.jpg 900w, https:\/\/flagprint.ch\/wp-content\/uploads\/2020\/05\/flagprint-protectionframe-cafe-federal-bern-restaurant-schutz-schutzfolie-300x400.jpg 300w, https:\/\/flagprint.ch\/wp-content\/uploads\/2020\/05\/flagprint-protectionframe-cafe-federal-bern-restaurant-schutz-schutzfolie-768x1024.jpg 768w, https:\/\/flagprint.ch\/wp-content\/uploads\/2020\/05\/flagprint-protectionframe-cafe-federal-bern-restaurant-schutz-schutzfolie-1152x1536.jpg 1152w\" sizes=\"(max-width: 1200px) 100vw, 1200px\" \/><\/a>\n\t\t\t<\/div>\n\t\t\t\t<figcaption class='wp-caption-text gallery-caption' id='gallery-1-11008'>\n\t\t\t\tprotectionframe pour le Caf\u00e9 F\u00e9d\u00e9ral\n\t\t\t\t<\/figcaption><\/figure><figure class='gallery-item'>\n\t\t\t<div class='gallery-icon landscape'>\n\t\t\t\t<a  href='https:\/\/flagprint.ch\/wp-content\/uploads\/2020\/05\/flagprint-protectionframe-cafe-federal-bern-restaurant-schutz.jpg' title=\"protectionframe pour le Caf\u00e9 F\u00e9d\u00e9ral\" data-rl_title=\"protectionframe pour le Caf\u00e9 F\u00e9d\u00e9ral\" class=\"rl-gallery-link\" data-rl_caption=\"Garantissez, vous aussi, la s\u00e9curit\u00e9 dans votre entreprise en vous informant sur protectionframe.\" data-rel=\"fp-lightbox-gallery-1\"><img loading=\"lazy\" width=\"1600\" height=\"1200\" src=\"https:\/\/flagprint.ch\/wp-content\/uploads\/2020\/05\/flagprint-protectionframe-cafe-federal-bern-restaurant-schutz.jpg\" class=\"attachment-full size-full\" alt=\"Das protectionframe von flagprint erlaubt den Gastronomiebetrieben auch in Zeiten von Corona eine nahezu vollst\u00e4ndige Auslastung.\" aria-describedby=\"gallery-1-11010\" decoding=\"async\" srcset=\"https:\/\/flagprint.ch\/wp-content\/uploads\/2020\/05\/flagprint-protectionframe-cafe-federal-bern-restaurant-schutz.jpg 1600w, https:\/\/flagprint.ch\/wp-content\/uploads\/2020\/05\/flagprint-protectionframe-cafe-federal-bern-restaurant-schutz-800x600.jpg 800w, https:\/\/flagprint.ch\/wp-content\/uploads\/2020\/05\/flagprint-protectionframe-cafe-federal-bern-restaurant-schutz-1200x900.jpg 1200w, https:\/\/flagprint.ch\/wp-content\/uploads\/2020\/05\/flagprint-protectionframe-cafe-federal-bern-restaurant-schutz-400x300.jpg 400w, https:\/\/flagprint.ch\/wp-content\/uploads\/2020\/05\/flagprint-protectionframe-cafe-federal-bern-restaurant-schutz-768x576.jpg 768w, https:\/\/flagprint.ch\/wp-content\/uploads\/2020\/05\/flagprint-protectionframe-cafe-federal-bern-restaurant-schutz-1536x1152.jpg 1536w\" sizes=\"(max-width: 1600px) 100vw, 1600px\" \/><\/a>\n\t\t\t<\/div>\n\t\t\t\t<figcaption class='wp-caption-text gallery-caption' id='gallery-1-11010'>\n\t\t\t\tprotectionframe pour le Caf\u00e9 F\u00e9d\u00e9ral\n\t\t\t\t<\/figcaption><\/figure><figure class='gallery-item'>\n\t\t\t<div class='gallery-icon landscape'>\n\t\t\t\t<a  href='https:\/\/flagprint.ch\/wp-content\/uploads\/2020\/05\/flagprint-protectionframe-cafe-federal-bern-restaurant-alurahmen.jpg' title=\"protectionframe pour le Caf\u00e9 F\u00e9d\u00e9ral\" data-rl_title=\"protectionframe pour le Caf\u00e9 F\u00e9d\u00e9ral\" class=\"rl-gallery-link\" data-rl_caption=\"Garantissez, vous aussi, la s\u00e9curit\u00e9 dans votre entreprise en vous informant sur protectionframe.\" data-rel=\"fp-lightbox-gallery-1\"><img loading=\"lazy\" width=\"1600\" height=\"1200\" src=\"https:\/\/flagprint.ch\/wp-content\/uploads\/2020\/05\/flagprint-protectionframe-cafe-federal-bern-restaurant-alurahmen.jpg\" class=\"attachment-full size-full\" alt=\"Das protectionframe von flagprint erlaubt den Gastronomiebetrieben auch in Zeiten von Corona eine nahezu vollst\u00e4ndige Auslastung.\" aria-describedby=\"gallery-1-10990\" decoding=\"async\" srcset=\"https:\/\/flagprint.ch\/wp-content\/uploads\/2020\/05\/flagprint-protectionframe-cafe-federal-bern-restaurant-alurahmen.jpg 1600w, https:\/\/flagprint.ch\/wp-content\/uploads\/2020\/05\/flagprint-protectionframe-cafe-federal-bern-restaurant-alurahmen-800x600.jpg 800w, https:\/\/flagprint.ch\/wp-content\/uploads\/2020\/05\/flagprint-protectionframe-cafe-federal-bern-restaurant-alurahmen-1200x900.jpg 1200w, https:\/\/flagprint.ch\/wp-content\/uploads\/2020\/05\/flagprint-protectionframe-cafe-federal-bern-restaurant-alurahmen-400x300.jpg 400w, https:\/\/flagprint.ch\/wp-content\/uploads\/2020\/05\/flagprint-protectionframe-cafe-federal-bern-restaurant-alurahmen-768x576.jpg 768w, https:\/\/flagprint.ch\/wp-content\/uploads\/2020\/05\/flagprint-protectionframe-cafe-federal-bern-restaurant-alurahmen-1536x1152.jpg 1536w\" sizes=\"(max-width: 1600px) 100vw, 1600px\" \/><\/a>\n\t\t\t<\/div>\n\t\t\t\t<figcaption class='wp-caption-text gallery-caption' id='gallery-1-10990'>\n\t\t\t\tprotectionframe pour le Caf\u00e9 F\u00e9d\u00e9ral\n\t\t\t\t<\/figcaption><\/figure><figure class='gallery-item'>\n\t\t\t<div class='gallery-icon landscape'>\n\t\t\t\t<a  href='https:\/\/flagprint.ch\/wp-content\/uploads\/2020\/05\/flagprint-protectionframe-cafe-federal-bern-restaurant.jpg' title=\"protectionframe pour le Caf\u00e9 F\u00e9d\u00e9ral\" data-rl_title=\"protectionframe pour le Caf\u00e9 F\u00e9d\u00e9ral\" class=\"rl-gallery-link\" data-rl_caption=\"Garantissez, vous aussi, la s\u00e9curit\u00e9 dans votre entreprise en vous informant sur protectionframe.\" data-rel=\"fp-lightbox-gallery-1\"><img loading=\"lazy\" width=\"1600\" height=\"1200\" src=\"https:\/\/flagprint.ch\/wp-content\/uploads\/2020\/05\/flagprint-protectionframe-cafe-federal-bern-restaurant.jpg\" class=\"attachment-full size-full\" alt=\"Das protectionframe von flagprint erlaubt den Gastronomiebetrieben auch in Zeiten von Corona eine nahezu vollst\u00e4ndige Auslastung.\" aria-describedby=\"gallery-1-11012\" decoding=\"async\" srcset=\"https:\/\/flagprint.ch\/wp-content\/uploads\/2020\/05\/flagprint-protectionframe-cafe-federal-bern-restaurant.jpg 1600w, https:\/\/flagprint.ch\/wp-content\/uploads\/2020\/05\/flagprint-protectionframe-cafe-federal-bern-restaurant-800x600.jpg 800w, https:\/\/flagprint.ch\/wp-content\/uploads\/2020\/05\/flagprint-protectionframe-cafe-federal-bern-restaurant-1200x900.jpg 1200w, https:\/\/flagprint.ch\/wp-content\/uploads\/2020\/05\/flagprint-protectionframe-cafe-federal-bern-restaurant-400x300.jpg 400w, https:\/\/flagprint.ch\/wp-content\/uploads\/2020\/05\/flagprint-protectionframe-cafe-federal-bern-restaurant-768x576.jpg 768w, https:\/\/flagprint.ch\/wp-content\/uploads\/2020\/05\/flagprint-protectionframe-cafe-federal-bern-restaurant-1536x1152.jpg 1536w\" sizes=\"(max-width: 1600px) 100vw, 1600px\" \/><\/a>\n\t\t\t<\/div>\n\t\t\t\t<figcaption class='wp-caption-text gallery-caption' id='gallery-1-11012'>\n\t\t\t\tprotectionframe pour le Caf\u00e9 F\u00e9d\u00e9ral\n\t\t\t\t<\/figcaption><\/figure>\n\t\t<\/div>\n\t\t<\/div>\n\t\t\t\t\t\t<\/div>\n\t\t\t\t<\/div>\n\t\t\t\t\t<\/div>\n\t\t<\/div>\n\t\t\t\t<div class=\"elementor-column elementor-col-50 elementor-top-column elementor-element elementor-element-72634f8 fp-single-right\" data-id=\"72634f8\" data-element_type=\"column\" data-e-type=\"column\">\n\t\t\t<div class=\"elementor-widget-wrap elementor-element-populated\">\n\t\t\t\t\t\t<div class=\"elementor-element elementor-element-fd40ea7 elementor-widget elementor-widget-theme-post-title elementor-page-title elementor-widget-heading\" data-id=\"fd40ea7\" data-element_type=\"widget\" data-e-type=\"widget\" data-widget_type=\"theme-post-title.default\">\n\t\t\t\t<div class=\"elementor-widget-container\">\n\t\t\t\t\t<h1 class=\"elementor-heading-title elementor-size-default\">protectionframe pour le Caf\u00e9 F\u00e9d\u00e9ral<\/h1>\t\t\t\t<\/div>\n\t\t\t\t<\/div>\n\t\t\t\t<div class=\"elementor-element elementor-element-e18f6c0 elementor-align-left elementor-widget elementor-widget-post-info\" data-id=\"e18f6c0\" data-element_type=\"widget\" data-e-type=\"widget\" data-widget_type=\"post-info.default\">\n\t\t\t\t<div class=\"elementor-widget-container\">\n\t\t\t\t\t\t\t<ul class=\"elementor-inline-items elementor-icon-list-items elementor-post-info\">\n\t\t\t\t\t\t\t\t<li class=\"elementor-icon-list-item elementor-repeater-item-effca5d elementor-inline-item\">\n\t\t\t\t\t\t\t\t\t\t\t\t\t<span class=\"elementor-icon-list-text elementor-post-info__item elementor-post-info__item--type-custom\">\n\t\t\t\t\t\t\t\t\t\t1 avril 2021\t\t\t\t\t<\/span>\n\t\t\t\t\t\t\t\t<\/li>\n\t\t\t\t<li class=\"elementor-icon-list-item elementor-repeater-item-1c5cd4b elementor-inline-item\">\n\t\t\t\t\t\t\t\t\t\t\t\t\t<span class=\"elementor-icon-list-text elementor-post-info__item elementor-post-info__item--type-time\">\n\t\t\t\t\t\t\t<span class=\"elementor-post-info__item-prefix\">|<\/span>\n\t\t\t\t\t\t\t\t\t\t<time>14:15<\/time>\t\t\t\t\t<\/span>\n\t\t\t\t\t\t\t\t<\/li>\n\t\t\t\t<\/ul>\n\t\t\t\t\t\t<\/div>\n\t\t\t\t<\/div>\n\t\t\t\t<div class=\"elementor-element elementor-element-870da92 elementor-widget elementor-widget-text-editor\" data-id=\"870da92\" data-element_type=\"widget\" data-e-type=\"widget\" data-widget_type=\"text-editor.default\">\n\t\t\t\t<div class=\"elementor-widget-container\">\n\t\t\t\t\t\t\t\t\t<p>En cette p\u00e9riode de pand\u00e9mie de Covid-19 et de d\u00e9confinement progressif, le <a href=\"https:\/\/entrecote.ch\/\" target=\"_blank\" rel=\"noopener\">Restaurant Caf\u00e9 F\u00e9d\u00e9ral<\/a> a rouvert ses portes \u00e0 ses clients.<\/p><p>Et gr\u00e2ce au protectionframe de flagprint, le secteur de la restauration peut assurer un taux d\u2019occupation proche des 100\u00a0%. En effet, gr\u00e2ce \u00e0 un film PVC transparent, la cloison mobile permet de r\u00e9duire au maximum les distances \u00e0 respecter tout en assurant la protection n\u00e9cessaire.<\/p><p>Alain Neuenschwander, directeur du Caf\u00e9 F\u00e9d\u00e9ral, le confirme: \u00abNotre priorit\u00e9 consiste \u00e0 maintenir un taux d\u2019occupation aussi \u00e9lev\u00e9 que possible, tout en assurant une s\u00e9curit\u00e9 maximale \u00e0 nos clients.\u00bb Il permet \u00e9galement une utilisation p\u00e9renne: une fois la crise sanitaire surmont\u00e9e, le cadre pourra \u00eatre recouvert d\u2019impressions sur tissu personnalis\u00e9es et continuer d\u2019\u00eatre utilis\u00e9 comme affichage, s\u00e9parateur d\u2019espace ou image d\u2019ambiance.<\/p><p>Garantissez, vous aussi, la s\u00e9curit\u00e9 dans votre entreprise en vous informant sur protectionframe.<\/p>\t\t\t\t\t\t\t\t<\/div>\n\t\t\t\t<\/div>\n\t\t\t\t<div class=\"elementor-element elementor-element-c4b056d elementor-widget elementor-widget-button\" data-id=\"c4b056d\" data-element_type=\"widget\" data-e-type=\"widget\" data-widget_type=\"button.default\">\n\t\t\t\t<div class=\"elementor-widget-container\">\n\t\t\t\t\t\t\t\t\t<div class=\"elementor-button-wrapper\">\n\t\t\t\t\t<a class=\"elementor-button elementor-button-link elementor-size-sm\" href=\"https:\/\/flagprint.ch\/fr\/produits\/paroi-de-protection-mobile-protectionframe\/\">\n\t\t\t\t\t\t<span class=\"elementor-button-content-wrapper\">\n\t\t\t\t\t\t\t\t\t<span class=\"elementor-button-text\">Vers le produit protectionframe<\/span>\n\t\t\t\t\t<\/span>\n\t\t\t\t\t<\/a>\n\t\t\t\t<\/div>\n\t\t\t\t\t\t\t\t<\/div>\n\t\t\t\t<\/div>\n\t\t\t\t\t<\/div>\n\t\t<\/div>\n\t\t\t\t\t<\/div>\n\t\t<\/section>\n\t\t\t\t<\/div>\n\t\t","protected":false},"excerpt":{"rendered":"<p>Gr\u00e2ce \u00e0 la paroi de protection protectionframe de flagprint, les restaurants peuvent assurer un taux d\u2019occupation proche des 100\u00a0%, m\u00eame en p\u00e9riode de pand\u00e9mie.<\/p>\n","protected":false},"author":6,"featured_media":11016,"comment_status":"open","ping_status":"open","sticky":false,"template":"","format":"standard","meta":{"footnotes":""},"categories":[1219,2481,2486,2489,2490,2491],"tags":[3315,3316,3317,3318,3319],"class_list":["post-13540","post","type-post","status-publish","format-standard","has-post-thumbnail","hentry","category-references","category-tout-fr","category-systemes-daffichage","category-exposition-event","category-interieur","category-point-de-vente","tag-coronavirus-fr","tag-schutzwand-fr","tag-trennwand-fr","tag-protectionframe-fr","tag-nachhaltig-fr"],"_links":{"self":[{"href":"https:\/\/flagprint.ch\/fr\/wp-json\/wp\/v2\/posts\/13540","targetHints":{"allow":["GET"]}}],"collection":[{"href":"https:\/\/flagprint.ch\/fr\/wp-json\/wp\/v2\/posts"}],"about":[{"href":"https:\/\/flagprint.ch\/fr\/wp-json\/wp\/v2\/types\/post"}],"author":[{"embeddable":true,"href":"https:\/\/flagprint.ch\/fr\/wp-json\/wp\/v2\/users\/6"}],"replies":[{"embeddable":true,"href":"https:\/\/flagprint.ch\/fr\/wp-json\/wp\/v2\/comments?post=13540"}],"version-history":[{"count":0,"href":"https:\/\/flagprint.ch\/fr\/wp-json\/wp\/v2\/posts\/13540\/revisions"}],"wp:featuredmedia":[{"embeddable":true,"href":"https:\/\/flagprint.ch\/fr\/wp-json\/wp\/v2\/media\/11016"}],"wp:attachment":[{"href":"https:\/\/flagprint.ch\/fr\/wp-json\/wp\/v2\/media?parent=13540"}],"wp:term":[{"taxonomy":"category","embeddable":true,"href":"https:\/\/flagprint.ch\/fr\/wp-json\/wp\/v2\/categories?post=13540"},{"taxonomy":"post_tag","embeddable":true,"href":"https:\/\/flagprint.ch\/fr\/wp-json\/wp\/v2\/tags?post=13540"}],"curies":[{"name":"wp","href":"https:\/\/api.w.org\/{rel}","templated":true}]}}